{"id":103377,"date":"2017-01-31T14:03:59","date_gmt":"2017-01-31T12:03:59","guid":{"rendered":"http:\/\/www.sana.sy\/tr\/?p=103377"},"modified":"2017-01-31T14:03:59","modified_gmt":"2017-01-31T12:03:59","slug":"cumhurbaskani-el-esad-sam-ve-kirsalinda-teror-saldirilari-nedeniyle-fabrikalarinin-hasar-gormesi-ve-kapatilmasiyla-kucuk-isletmelerle-yeniden-sanayi-sektorune-donen-bir-dizi-sanayici-ile-bir-raya-geld","status":"publish","type":"post","link":"https:\/\/archive.sana.sy\/tr\/?p=103377","title":{"rendered":"Cumhurba\u015fkan\u0131 el Esad \u015eam ve k\u0131rsal\u0131nda ter\u00f6r sald\u0131r\u0131lar\u0131 nedeniyle fabrikalar\u0131n\u0131n hasar g\u00f6rmesi ve kapat\u0131lmas\u0131yla k\u00fc\u00e7\u00fck i\u015fletmelerle yeniden sanayi sekt\u00f6r\u00fcne d\u00f6nen bir dizi sanayici ile bir raya geldi"},"content":{"rendered":"<p>Cumhurba\u015fkan\u0131 el Esad \u015eam ve k\u0131rsal\u0131nda ter\u00f6r sald\u0131r\u0131lar\u0131 nedeniyle fabrikalar\u0131n\u0131n hasar g\u00f6rmesi ve kapat\u0131lmas\u0131yla k\u00fc\u00e7\u00fck i\u015fletmelerle yeniden sanayi sekt\u00f6r\u00fcne d\u00f6nen bir dizi sanayici ile bir raya geldi<\/p>\n","protected":false},"excerpt":{"rendered":"<p>Cumhurba\u015fkan\u0131 el Esad \u015eam ve k\u0131rsal\u0131nda ter\u00f6r sald\u0131r\u0131lar\u0131 nedeniyle fabrikalar\u0131n\u0131n hasar g\u00f6rmesi ve kapat\u0131lmas\u0131yla k\u00fc\u00e7\u00fck i\u015fletmelerle yeniden sanayi sekt\u00f6r\u00fcne d\u00f6nen bir dizi sanayici ile bir raya geldi<\/p>\n","protected":false},"author":1,"featured_media":0,"comment_status":"closed","ping_status":"closed","sticky":false,"template":"","format":"standard","meta":{"footnotes":""},"categories":[17991],"tags":[],"class_list":["post-103377","post","type-post","status-publish","format-standard","","category-son-dakika"],"_links":{"self":[{"href":"https:\/\/archive.sana.sy\/tr\/index.php?rest_route=\/wp\/v2\/posts\/103377","targetHints":{"allow":["GET"]}}],"collection":[{"href":"https:\/\/archive.sana.sy\/tr\/index.php?rest_route=\/wp\/v2\/posts"}],"about":[{"href":"https:\/\/archive.sana.sy\/tr\/index.php?rest_route=\/wp\/v2\/types\/post"}],"author":[{"embeddable":true,"href":"https:\/\/archive.sana.sy\/tr\/index.php?rest_route=\/wp\/v2\/users\/1"}],"replies":[{"embeddable":true,"href":"https:\/\/archive.sana.sy\/tr\/index.php?rest_route=%2Fwp%2Fv2%2Fcomments&post=103377"}],"version-history":[{"count":0,"href":"https:\/\/archive.sana.sy\/tr\/index.php?rest_route=\/wp\/v2\/posts\/103377\/revisions"}],"wp:attachment":[{"href":"https:\/\/archive.sana.sy\/tr\/index.php?rest_route=%2Fwp%2Fv2%2Fmedia&parent=103377"}],"wp:term":[{"taxonomy":"category","embeddable":true,"href":"https:\/\/archive.sana.sy\/tr\/index.php?rest_route=%2Fwp%2Fv2%2Fcategories&post=103377"},{"taxonomy":"post_tag","embeddable":true,"href":"https:\/\/archive.sana.sy\/tr\/index.php?rest_route=%2Fwp%2Fv2%2Ftags&post=103377"}],"curies":[{"name":"wp","href":"https:\/\/api.w.org\/{rel}","templated":true}]}}