{"id":103406,"date":"2017-01-31T13:36:07","date_gmt":"2017-01-31T11:36:07","guid":{"rendered":"http:\/\/www.sana.sy\/tr\/?p=103406"},"modified":"2017-02-01T16:03:15","modified_gmt":"2017-02-01T14:03:15","slug":"tekfirciler-arac-ve-edatlariyla-etkisizlestiriliyor-2","status":"publish","type":"post","link":"https:\/\/archive.sana.sy\/tr\/?p=103406","title":{"rendered":"Tekfirciler Ara\u00e7 ve Edatlar\u0131yla Etkisizle\u015ftiriliyor"},"content":{"rendered":"<p>\u0130LLER \u2013 Vatan koruyucular\u0131m\u0131z vatan ve halk\u0131n\u0131n g\u00fcvenli\u011fini kahramanca savunmaya devam ederken bug\u00fcn kontrolleri alt\u0131ndaki b\u00f6lgeleri geni\u015fletme ve radikal ter\u00f6r \u00e7etelerini a\u011f\u0131r kay\u0131pla u\u011fratmay\u0131 s\u00fcrd\u00fcrd\u00fc.<\/p>\n<p><span style=\"color: #0000ff\">DEYREZZOR:<\/span><\/p>\n<p>Askeri kaynak; ordu birliklerimizin Deyrezzor k\u0131rsal\u0131n\u0131n g\u00fcneyi Serda Da\u011f\u0131 \u00e7evresinde I\u015e\u0130D\u2019in bir toplanma merkezini a\u011f\u0131r top ate\u015fiyle hedef almalar\u0131 sonucunda a\u011f\u0131r makineli silahla donat\u0131lm\u0131\u015f bir arac\u0131 imha ederek \u00e7ok say\u0131da ter\u00f6risti \u00f6l\u00fc ve yaral\u0131 d\u00fc\u015f\u00fcrd\u00fcklerini ifade etti.<\/p>\n<p>Kaynak; hava g\u00fc\u00e7lerimizin Deyrezzor Kentinin Ummal Semti ve Makabir B\u00f6lgesinin civar\u0131nda I\u015e\u0130D\u2019in toplanma yerleri ve hareketlenmelerini yo\u011fun ate\u015fe tutmalar\u0131yla buralarda da bir\u00e7ok ter\u00f6risti \u00f6ld\u00fcr\u00fcp a\u011f\u0131r makineli silahla donat\u0131lm\u0131\u015f bir arac\u0131 y\u00fck\u00fcyle birlikte yok ettiklerini s\u00f6yledi.<\/p>\n<p>Askeri kaynak; ordu birliklerimizin destek\u00e7i g\u00fc\u00e7lerle i\u015fbirli\u011fi i\u00e7inde Deyrezzor Kentinin Kuzey Kenarlar\u0131na d\u00fc\u015fen Tabiyet Ceziyre K\u00f6y\u00fcnde I\u015e\u0130D\u2019li ter\u00f6r gruplarla \u015fiddetli \u00e7at\u0131\u015fmalara girdiklerini belirtti. Kaynak; \u00e7at\u0131\u015fmalarda Kuveyt ve Irak uyruklar\u0131n\u0131n aralar\u0131nda bulundu\u011fu bir\u00e7ok ter\u00f6ristin \u00f6ld\u00fcr\u00fcl\u00fcp havzalar\u0131nda bulunan silah ve m\u00fchimmatlar\u0131n\u0131n da yok edildi\u011fine dikkat \u00e7ekti.<\/p>\n<p>Di\u011fer yandan Deyrezzor \u0130linin do\u011fusunda bulunan halk direni\u015f g\u00fc\u00e7lerinin, Albukemal k\u0131rsal\u0131 Hacin K\u00f6y\u00fcnde yerle\u015ftirdikleri bir may\u0131n\u0131 havaya u\u00e7urmalar\u0131yla biri Irakl\u0131, I\u015e\u0130D\u2019li 3 ter\u00f6ristin \u00f6l\u00fc d\u00fc\u015ft\u00fc\u011f\u00fc aktar\u0131ld\u0131.<\/p>\n<p><span style=\"color: #0000ff\">HOMS:<\/span><\/p>\n<p>Bu arada askeri kaynak ordu birliklerimizin Homs Kentinin yakla\u015f\u0131k 20 km kuzeyinde yer alan Resten ve Deyr Ful b\u00f6lgelerinde Kaide \u00d6rg\u00fct\u00fcn\u00fcn Suriye kolu Nusra Cephesine tabi ter\u00f6ristlerin karargah ve hareketlenmelerini top ate\u015fine tuttuklar\u0131n\u0131 belirtti. Kaynak operasyonlarda a\u011f\u0131r silahlar\u0131n monte edildi\u011fi 3 arac\u0131n aralar\u0131nda Suudili az\u0131l\u0131 eleba\u015flar\u0131n bulundu\u011fu bir\u00e7ok ter\u00f6ristle birlikte etkisiz hale getirildiklerini aktard\u0131.<\/p>\n<p>Ak\u015fam saatlerinde SANA\u2019ya a\u00e7\u0131klama yapan askeri bir kaynak; hava g\u00fc\u00e7lerimizin Homs \u0130linin do\u011fusu Beyyarat ekseni D\u00f6rd\u00fcnc\u00fc \u0130stasyonun do\u011fusunda I\u015e\u0130D\u2019li onlarda ter\u00f6ristle birlikte a\u011f\u0131r silahla donat\u0131lm\u0131\u015f 4&#215;4 \u00e7eker 6 arac\u0131 y\u00fckleriyle birlikte imha ettiklerini belirtti.<\/p>\n","protected":false},"excerpt":{"rendered":"<p>\u0130LLER \u2013 Vatan koruyucular\u0131m\u0131z vatan ve halk\u0131n\u0131n g\u00fcvenli\u011fini kahramanca savunmaya devam ederken bug\u00fcn kontrolleri alt\u0131ndaki b\u00f6lgeleri geni\u015fletme ve radikal ter\u00f6r \u00e7etelerini a\u011f\u0131r kay\u0131pla u\u011fratmay\u0131 s\u00fcrd\u00fcrd\u00fc. DEYREZZOR: Askeri kaynak; ordu birliklerimizin Deyrezzor k\u0131rsal\u0131n\u0131n g\u00fcneyi Serda Da\u011f\u0131 \u00e7evresinde I\u015e\u0130D\u2019in bir toplanma merkezini a\u011f\u0131r top ate\u015fiyle hedef almalar\u0131 sonucunda a\u011f\u0131r makineli silahla donat\u0131lm\u0131\u015f bir arac\u0131 imha ederek \u00e7ok &hellip;<\/p>\n","protected":false},"author":1,"featured_media":103407,"comment_status":"closed","ping_status":"closed","sticky":false,"template":"","format":"standard","meta":{"footnotes":""},"categories":[479,575,17988,478],"tags":[3464,18365,18237,18576,18577,24003,2318,11549,19043,22182,19034,27172],"class_list":["post-103406","post","type-post","status-publish","format-standard","has-post-thumbnail","","category-haberler-yerel","category-olaylar-ve-gercekler","category-son-haberler","category-yerel","tag-nusra-cephesi","tag-ahrar-el-sam","tag-cihatcilar","tag-daes","tag-deas","tag-fetih-el-sam","tag-isid","tag-suriye-ordusu","tag-suriyede-son-durum","tag-suriyede-savas","tag-suriyeli-muhalifler","tag-tekfirciler-arac-ve-edatlariyla-etkisizlestiriliyor"],"_links":{"self":[{"href":"https:\/\/archive.sana.sy\/tr\/index.php?rest_route=\/wp\/v2\/posts\/103406","targetHints":{"allow":["GET"]}}],"collection":[{"href":"https:\/\/archive.sana.sy\/tr\/index.php?rest_route=\/wp\/v2\/posts"}],"about":[{"href":"https:\/\/archive.sana.sy\/tr\/index.php?rest_route=\/wp\/v2\/types\/post"}],"author":[{"embeddable":true,"href":"https:\/\/archive.sana.sy\/tr\/index.php?rest_route=\/wp\/v2\/users\/1"}],"replies":[{"embeddable":true,"href":"https:\/\/archive.sana.sy\/tr\/index.php?rest_route=%2Fwp%2Fv2%2Fcomments&post=103406"}],"version-history":[{"count":0,"href":"https:\/\/archive.sana.sy\/tr\/index.php?rest_route=\/wp\/v2\/posts\/103406\/revisions"}],"wp:featuredmedia":[{"embeddable":true,"href":"https:\/\/archive.sana.sy\/tr\/index.php?rest_route=\/wp\/v2\/media\/103407"}],"wp:attachment":[{"href":"https:\/\/archive.sana.sy\/tr\/index.php?rest_route=%2Fwp%2Fv2%2Fmedia&parent=103406"}],"wp:term":[{"taxonomy":"category","embeddable":true,"href":"https:\/\/archive.sana.sy\/tr\/index.php?rest_route=%2Fwp%2Fv2%2Fcategories&post=103406"},{"taxonomy":"post_tag","embeddable":true,"href":"https:\/\/archive.sana.sy\/tr\/index.php?rest_route=%2Fwp%2Fv2%2Ftags&post=103406"}],"curies":[{"name":"wp","href":"https:\/\/api.w.org\/{rel}","templated":true}]}}