{"id":10341,"date":"2014-09-17T19:30:29","date_gmt":"2014-09-17T16:30:29","guid":{"rendered":"http:\/\/www.sana.sy\/tr\/?p=10341"},"modified":"2014-09-17T19:35:53","modified_gmt":"2014-09-17T16:35:53","slug":"irak-basbakani-isid-suriyede-de-caydirilmali","status":"publish","type":"post","link":"https:\/\/archive.sana.sy\/tr\/?p=10341","title":{"rendered":"Irak Ba\u015fbakan\u0131: I\u015e\u0130D Suriye\u2019de de Cayd\u0131r\u0131lmal\u0131"},"content":{"rendered":"<p>BA\u011eDAT \u2013 Irak Ba\u015fbakan\u0131 Haydar Abbadi bug\u00fcn uluslararas\u0131 toplumun Irak ve \u015eam \u0130slam Devleti \u00f6rg\u00fct\u00fcn\u00fc sadece Irak\u2019ta de\u011fil, ayn\u0131 zamanda Suriye\u2019de de cayd\u0131rmas\u0131 gerekti\u011fini dillendirdi.<\/p>\n<p>Associated Press ajans\u0131na deme\u00e7 veren Abbadi, \u0130ran\u2019\u0131n ge\u00e7ti\u011fimiz ay\u0131n 15\u2019inde Paris\u2019te d\u00fczenlenen Irak\u2019ta Bar\u0131\u015f ve G\u00fcvenlik kongresinde yer almamas\u0131n\u0131n \u015fa\u015f\u0131rt\u0131c\u0131 oldu\u011funu kaydetti.<\/p>\n<p>Abbadi, I\u015e\u0130D\u2019e kar\u015f\u0131 bir kara g\u00fcc\u00fcn\u00fcn var olmas\u0131n\u0131n zorunlu olmad\u0131\u011f\u0131n\u0131 aktard\u0131.<\/p>\n","protected":false},"excerpt":{"rendered":"<p>BA\u011eDAT \u2013 Irak Ba\u015fbakan\u0131 Haydar Abbadi bug\u00fcn uluslararas\u0131 toplumun Irak ve \u015eam \u0130slam Devleti \u00f6rg\u00fct\u00fcn\u00fc sadece Irak\u2019ta de\u011fil, ayn\u0131 zamanda Suriye\u2019de de cayd\u0131rmas\u0131 gerekti\u011fini dillendirdi. Associated Press ajans\u0131na deme\u00e7 veren Abbadi, \u0130ran\u2019\u0131n ge\u00e7ti\u011fimiz ay\u0131n 15\u2019inde Paris\u2019te d\u00fczenlenen Irak\u2019ta Bar\u0131\u015f ve G\u00fcvenlik kongresinde yer almamas\u0131n\u0131n \u015fa\u015f\u0131rt\u0131c\u0131 oldu\u011funu kaydetti. Abbadi, I\u015e\u0130D\u2019e kar\u015f\u0131 bir kara g\u00fcc\u00fcn\u00fcn var olmas\u0131n\u0131n &hellip;<\/p>\n","protected":false},"author":1,"featured_media":10342,"comment_status":"closed","ping_status":"closed","sticky":false,"template":"","format":"standard","meta":{"footnotes":""},"categories":[458,459,447],"tags":[2387],"class_list":["post-10341","post","type-post","status-publish","format-standard","has-post-thumbnail","","category-dunya1","category-haberler-arap-uluslararasi-politika","category-politika","tag-irak-basbakani-isid-suriyede-de-caydirilmali"],"_links":{"self":[{"href":"https:\/\/archive.sana.sy\/tr\/index.php?rest_route=\/wp\/v2\/posts\/10341","targetHints":{"allow":["GET"]}}],"collection":[{"href":"https:\/\/archive.sana.sy\/tr\/index.php?rest_route=\/wp\/v2\/posts"}],"about":[{"href":"https:\/\/archive.sana.sy\/tr\/index.php?rest_route=\/wp\/v2\/types\/post"}],"author":[{"embeddable":true,"href":"https:\/\/archive.sana.sy\/tr\/index.php?rest_route=\/wp\/v2\/users\/1"}],"replies":[{"embeddable":true,"href":"https:\/\/archive.sana.sy\/tr\/index.php?rest_route=%2Fwp%2Fv2%2Fcomments&post=10341"}],"version-history":[{"count":0,"href":"https:\/\/archive.sana.sy\/tr\/index.php?rest_route=\/wp\/v2\/posts\/10341\/revisions"}],"wp:featuredmedia":[{"embeddable":true,"href":"https:\/\/archive.sana.sy\/tr\/index.php?rest_route=\/wp\/v2\/media\/10342"}],"wp:attachment":[{"href":"https:\/\/archive.sana.sy\/tr\/index.php?rest_route=%2Fwp%2Fv2%2Fmedia&parent=10341"}],"wp:term":[{"taxonomy":"category","embeddable":true,"href":"https:\/\/archive.sana.sy\/tr\/index.php?rest_route=%2Fwp%2Fv2%2Fcategories&post=10341"},{"taxonomy":"post_tag","embeddable":true,"href":"https:\/\/archive.sana.sy\/tr\/index.php?rest_route=%2Fwp%2Fv2%2Ftags&post=10341"}],"curies":[{"name":"wp","href":"https:\/\/api.w.org\/{rel}","templated":true}]}}