{"id":103412,"date":"2017-01-31T14:36:40","date_gmt":"2017-01-31T12:36:40","guid":{"rendered":"http:\/\/www.sana.sy\/tr\/?p=103412"},"modified":"2017-02-01T16:24:12","modified_gmt":"2017-02-01T14:24:12","slug":"suriye-sanayisi-guclu-konumunu-yeniden-kazanacak","status":"publish","type":"post","link":"https:\/\/archive.sana.sy\/tr\/?p=103412","title":{"rendered":"Suriye Sanayisi G\u00fc\u00e7l\u00fc Konumunu Yeniden Kazanacak"},"content":{"rendered":"<p>\u015eAM \u2013 Cumhurba\u015fkan\u0131 Be\u015f\u015far el Esad \u015eam ve k\u0131rsal\u0131nda ter\u00f6r sald\u0131r\u0131lar\u0131 nedeniyle fabrikalar\u0131n\u0131n hasar g\u00f6rmesi ve kapat\u0131lmas\u0131yla k\u00fc\u00e7\u00fck i\u015fletmelerle yeniden sanayi sekt\u00f6r\u00fcne d\u00f6nen sanayicilerden bir heyet ile bug\u00fcn bir araya geldi.<\/p>\n<p><a href=\"http:\/\/www.sana.sy\/tr\/wp-content\/uploads\/2017\/01\/2-80.jpg\"><img loading=\"lazy\" decoding=\"async\" class=\"alignright wp-image-103414 size-medium\" src=\"http:\/\/www.sana.sy\/tr\/wp-content\/uploads\/2017\/01\/2-80-300x152.jpg\" width=\"300\" height=\"152\" srcset=\"https:\/\/archive.sana.sy\/tr\/wp-content\/uploads\/2017\/01\/2-80-300x152.jpg 300w, https:\/\/archive.sana.sy\/tr\/wp-content\/uploads\/2017\/01\/2-80-150x76.jpg 150w, https:\/\/archive.sana.sy\/tr\/wp-content\/uploads\/2017\/01\/2-80-768x389.jpg 768w, https:\/\/archive.sana.sy\/tr\/wp-content\/uploads\/2017\/01\/2-80-1024x519.jpg 1024w\" sizes=\"auto, (max-width: 300px) 100vw, 300px\" \/><\/a>Suriye ve halk\u0131na y\u00f6nelik muhtelif y\u00f6nl\u00fc sava\u015f ko\u015fullar\u0131nda Suriyeli sanayicilerin kar\u015f\u0131la\u015ft\u0131klar\u0131 sorunlar ve bu sorunlar\u0131 a\u015fmak i\u00e7in \u00e7\u00f6z\u00fcm \u00f6nerilerinin ele al\u0131nd\u0131\u011f\u0131 g\u00f6r\u00fc\u015fmede, b\u00f6ylelikle sanayicilerin \u00fcretimi kalk\u0131nd\u0131r\u0131p ulusal ekonomiye destek olabileceklerine dikkat \u00e7ekildi.<\/p>\n<p>Cumhurba\u015fkan\u0131 el Esad; Suriye ve halk\u0131n\u0131n maruz kald\u0131\u011f\u0131 muhtelif y\u00f6nl\u00fc sava\u015fa kar\u015f\u0131 m\u00fccadelenin en \u00f6nemli fakt\u00f6r\u00fcn\u00fcn Suriyelilerin ya\u015fam iradeleri oldu\u011funu vurgulad\u0131. El Esad b\u00fcy\u00fck maddi hasara ra\u011fmen hala m\u00fccadele eden ve \u00fcretime devam eden sanayicilerin gurur kayna\u011f\u0131 olup vatanseverli\u011fin bir modelini te\u015fkil ettiklerini ifade etti.<\/p>\n<p><a href=\"http:\/\/www.sana.sy\/tr\/wp-content\/uploads\/2017\/01\/3-67.jpg\"><img loading=\"lazy\" decoding=\"async\" class=\"alignright wp-image-103415 size-medium\" src=\"http:\/\/www.sana.sy\/tr\/wp-content\/uploads\/2017\/01\/3-67-300x155.jpg\" width=\"300\" height=\"155\" srcset=\"https:\/\/archive.sana.sy\/tr\/wp-content\/uploads\/2017\/01\/3-67-300x155.jpg 300w, https:\/\/archive.sana.sy\/tr\/wp-content\/uploads\/2017\/01\/3-67-150x78.jpg 150w, https:\/\/archive.sana.sy\/tr\/wp-content\/uploads\/2017\/01\/3-67-768x398.jpg 768w, https:\/\/archive.sana.sy\/tr\/wp-content\/uploads\/2017\/01\/3-67-1024x530.jpg 1024w\" sizes=\"auto, (max-width: 300px) 100vw, 300px\" \/><\/a>Suriye ve halk\u0131n\u0131n maruz kald\u0131klar\u0131 bu sava\u015f\u0131n sadece askeri y\u00f6nl\u00fc olmad\u0131\u011f\u0131na dikkat \u00e7eken el Esad; siyasi, k\u00fclt\u00fcrel, ekonomik ve daha ba\u015fka bir dizi y\u00f6n\u00fc oldu\u011funu kaydetti. El Esad sanayicilerin daha \u00f6ncekinden daha k\u00fc\u00e7\u00fck i\u015fletmelerle \u00fcretime devam etmelerinin, Suriye&#8217;de ekonomi \u00e7ark\u0131n\u0131n yeniden d\u00f6nmesi ve geli\u015fmesinde b\u00fcy\u00fck ve olumlu bir katk\u0131 sa\u011flad\u0131\u011f\u0131n\u0131 kaydetti.<\/p>\n<p>Sava\u015f esnas\u0131nda fabrika ve i\u015fletmelerinin maruz kald\u0131klar\u0131 hasar konusunda el Esad\u2019a bilgi veren sanayiciler, bu fabrikalar\u0131 onar\u0131p yeniden \u00fcretime koymalar\u0131na dek daha k\u00fc\u00e7\u00fck i\u015fletmelerle bulunduklar\u0131 \u00fcretime \u0131\u015f\u0131k tuttu.<\/p>\n<p>T\u00fcm zorluklara ra\u011fmen \u00fcretimlerini s\u00fcrd\u00fcrd\u00fcklerini ifade eden sanayiciler; kriz \u00f6ncesindeki \u00fcretim hacmi ve daha fazlas\u0131n\u0131 sa\u011flama kararl\u0131l\u0131klar\u0131n\u0131n da alt\u0131n\u0131 \u00e7izdiler. Sanayiciler Suriye sanayisinin b\u00f6lgesel ve uluslar aras\u0131 d\u00fczeydeki konumunu yeniden kazanaca\u011f\u0131n\u0131n alt\u0131n\u0131 \u00e7izdi.<\/p>\n<div id='gallery-1' class='gallery galleryid-103412 gallery-columns-2 gallery-size-medium'><figure class='gallery-item'>\n\t\t\t<div class='gallery-icon landscape'>\n\t\t\t\t<a href='https:\/\/archive.sana.sy\/tr\/wp-content\/uploads\/2017\/01\/4-41.jpg'><img loading=\"lazy\" decoding=\"async\" width=\"300\" height=\"154\" src=\"https:\/\/archive.sana.sy\/tr\/wp-content\/uploads\/2017\/01\/4-41-300x154.jpg\" class=\"attachment-medium size-medium\" alt=\"\" srcset=\"https:\/\/archive.sana.sy\/tr\/wp-content\/uploads\/2017\/01\/4-41-300x154.jpg 300w, https:\/\/archive.sana.sy\/tr\/wp-content\/uploads\/2017\/01\/4-41-150x77.jpg 150w, https:\/\/archive.sana.sy\/tr\/wp-content\/uploads\/2017\/01\/4-41-768x393.jpg 768w, https:\/\/archive.sana.sy\/tr\/wp-content\/uploads\/2017\/01\/4-41-1024x525.jpg 1024w\" sizes=\"auto, (max-width: 300px) 100vw, 300px\" \/><\/a>\n\t\t\t<\/div><\/figure><figure class='gallery-item'>\n\t\t\t<div class='gallery-icon landscape'>\n\t\t\t\t<a href='https:\/\/archive.sana.sy\/tr\/wp-content\/uploads\/2017\/01\/5-38.jpg'><img loading=\"lazy\" decoding=\"async\" width=\"300\" height=\"160\" src=\"https:\/\/archive.sana.sy\/tr\/wp-content\/uploads\/2017\/01\/5-38-300x160.jpg\" class=\"attachment-medium size-medium\" alt=\"\" srcset=\"https:\/\/archive.sana.sy\/tr\/wp-content\/uploads\/2017\/01\/5-38-300x160.jpg 300w, https:\/\/archive.sana.sy\/tr\/wp-content\/uploads\/2017\/01\/5-38-150x80.jpg 150w, https:\/\/archive.sana.sy\/tr\/wp-content\/uploads\/2017\/01\/5-38-768x408.jpg 768w, https:\/\/archive.sana.sy\/tr\/wp-content\/uploads\/2017\/01\/5-38-1024x544.jpg 1024w, https:\/\/archive.sana.sy\/tr\/wp-content\/uploads\/2017\/01\/5-38-310x165.jpg 310w\" sizes=\"auto, (max-width: 300px) 100vw, 300px\" \/><\/a>\n\t\t\t<\/div><\/figure>\n\t\t<\/div>\n\n","protected":false},"excerpt":{"rendered":"<p>\u015eAM \u2013 Cumhurba\u015fkan\u0131 Be\u015f\u015far el Esad \u015eam ve k\u0131rsal\u0131nda ter\u00f6r sald\u0131r\u0131lar\u0131 nedeniyle fabrikalar\u0131n\u0131n hasar g\u00f6rmesi ve kapat\u0131lmas\u0131yla k\u00fc\u00e7\u00fck i\u015fletmelerle yeniden sanayi sekt\u00f6r\u00fcne d\u00f6nen sanayicilerden bir heyet ile bug\u00fcn bir araya geldi. Suriye ve halk\u0131na y\u00f6nelik muhtelif y\u00f6nl\u00fc sava\u015f ko\u015fullar\u0131nda Suriyeli sanayicilerin kar\u015f\u0131la\u015ft\u0131klar\u0131 sorunlar ve bu sorunlar\u0131 a\u015fmak i\u00e7in \u00e7\u00f6z\u00fcm \u00f6nerilerinin ele al\u0131nd\u0131\u011f\u0131 g\u00f6r\u00fc\u015fmede, b\u00f6ylelikle sanayicilerin &hellip;<\/p>\n","protected":false},"author":1,"featured_media":103413,"comment_status":"closed","ping_status":"closed","sticky":false,"template":"","format":"standard","meta":{"footnotes":""},"categories":[608,479,605,17988,478],"tags":[16402,27173,11549,19174,24182,27174],"class_list":["post-103412","post","type-post","status-publish","format-standard","has-post-thumbnail","","category-etkinlikler","category-haberler-yerel","category-sayin-cumhurbaskani","category-son-haberler","category-yerel","tag-cumhurbaskani-bessar-el-esad","tag-suriye-sanayisi-guclu-konumunu-yeniden-kazanacak","tag-suriye-ordusu","tag-suriyede-son-durumlar","tag-suriyede-ekonomi","tag-suriyede-tror"],"_links":{"self":[{"href":"https:\/\/archive.sana.sy\/tr\/index.php?rest_route=\/wp\/v2\/posts\/103412","targetHints":{"allow":["GET"]}}],"collection":[{"href":"https:\/\/archive.sana.sy\/tr\/index.php?rest_route=\/wp\/v2\/posts"}],"about":[{"href":"https:\/\/archive.sana.sy\/tr\/index.php?rest_route=\/wp\/v2\/types\/post"}],"author":[{"embeddable":true,"href":"https:\/\/archive.sana.sy\/tr\/index.php?rest_route=\/wp\/v2\/users\/1"}],"replies":[{"embeddable":true,"href":"https:\/\/archive.sana.sy\/tr\/index.php?rest_route=%2Fwp%2Fv2%2Fcomments&post=103412"}],"version-history":[{"count":0,"href":"https:\/\/archive.sana.sy\/tr\/index.php?rest_route=\/wp\/v2\/posts\/103412\/revisions"}],"wp:featuredmedia":[{"embeddable":true,"href":"https:\/\/archive.sana.sy\/tr\/index.php?rest_route=\/wp\/v2\/media\/103413"}],"wp:attachment":[{"href":"https:\/\/archive.sana.sy\/tr\/index.php?rest_route=%2Fwp%2Fv2%2Fmedia&parent=103412"}],"wp:term":[{"taxonomy":"category","embeddable":true,"href":"https:\/\/archive.sana.sy\/tr\/index.php?rest_route=%2Fwp%2Fv2%2Fcategories&post=103412"},{"taxonomy":"post_tag","embeddable":true,"href":"https:\/\/archive.sana.sy\/tr\/index.php?rest_route=%2Fwp%2Fv2%2Ftags&post=103412"}],"curies":[{"name":"wp","href":"https:\/\/api.w.org\/{rel}","templated":true}]}}