{"id":103419,"date":"2017-01-31T14:38:47","date_gmt":"2017-01-31T12:38:47","guid":{"rendered":"http:\/\/www.sana.sy\/tr\/?p=103419"},"modified":"2017-01-31T14:42:34","modified_gmt":"2017-01-31T12:42:34","slug":"cumhurbaskani-el-esad-sam-ve-kirsalinda-teror-saldirilari-nedeniyle-fabrikalari-hasar-goren-sanayicilerden-bir-heyeti-kabul-etti","status":"publish","type":"post","link":"https:\/\/archive.sana.sy\/tr\/?p=103419","title":{"rendered":"Cumhurba\u015fkan\u0131 el Esad \u015eam ve k\u0131rsal\u0131nda ter\u00f6r sald\u0131r\u0131lar\u0131 nedeniyle fabrikalar\u0131 hasar g\u00f6ren sanayicilerden bir heyeti kabul etti"},"content":{"rendered":"<p>Cumhurba\u015fkan\u0131 el Esad \u015eam ve k\u0131rsal\u0131nda ter\u00f6r sald\u0131r\u0131lar\u0131 nedeniyle fabrikalar\u0131 hasar g\u00f6ren sanayicilerden bir heyeti kabul etti.<\/p>\n<div id='gallery-1' class='gallery galleryid-103419 gallery-columns-2 gallery-size-medium'><figure class='gallery-item'>\n\t\t\t<div class='gallery-icon landscape'>\n\t\t\t\t<a href='https:\/\/archive.sana.sy\/tr\/wp-content\/uploads\/2017\/01\/5-38.jpg'><img loading=\"lazy\" decoding=\"async\" width=\"300\" height=\"160\" src=\"https:\/\/archive.sana.sy\/tr\/wp-content\/uploads\/2017\/01\/5-38-300x160.jpg\" class=\"attachment-medium size-medium\" alt=\"\" srcset=\"https:\/\/archive.sana.sy\/tr\/wp-content\/uploads\/2017\/01\/5-38-300x160.jpg 300w, https:\/\/archive.sana.sy\/tr\/wp-content\/uploads\/2017\/01\/5-38-150x80.jpg 150w, https:\/\/archive.sana.sy\/tr\/wp-content\/uploads\/2017\/01\/5-38-768x408.jpg 768w, https:\/\/archive.sana.sy\/tr\/wp-content\/uploads\/2017\/01\/5-38-1024x544.jpg 1024w, https:\/\/archive.sana.sy\/tr\/wp-content\/uploads\/2017\/01\/5-38-310x165.jpg 310w\" sizes=\"auto, (max-width: 300px) 100vw, 300px\" \/><\/a>\n\t\t\t<\/div><\/figure><figure class='gallery-item'>\n\t\t\t<div class='gallery-icon landscape'>\n\t\t\t\t<a href='https:\/\/archive.sana.sy\/tr\/wp-content\/uploads\/2017\/01\/4-41.jpg'><img loading=\"lazy\" decoding=\"async\" width=\"300\" height=\"154\" src=\"https:\/\/archive.sana.sy\/tr\/wp-content\/uploads\/2017\/01\/4-41-300x154.jpg\" class=\"attachment-medium size-medium\" alt=\"\" srcset=\"https:\/\/archive.sana.sy\/tr\/wp-content\/uploads\/2017\/01\/4-41-300x154.jpg 300w, https:\/\/archive.sana.sy\/tr\/wp-content\/uploads\/2017\/01\/4-41-150x77.jpg 150w, https:\/\/archive.sana.sy\/tr\/wp-content\/uploads\/2017\/01\/4-41-768x393.jpg 768w, https:\/\/archive.sana.sy\/tr\/wp-content\/uploads\/2017\/01\/4-41-1024x525.jpg 1024w\" sizes=\"auto, (max-width: 300px) 100vw, 300px\" \/><\/a>\n\t\t\t<\/div><\/figure><figure class='gallery-item'>\n\t\t\t<div class='gallery-icon landscape'>\n\t\t\t\t<a href='https:\/\/archive.sana.sy\/tr\/wp-content\/uploads\/2017\/01\/3-67.jpg'><img loading=\"lazy\" decoding=\"async\" width=\"300\" height=\"155\" src=\"https:\/\/archive.sana.sy\/tr\/wp-content\/uploads\/2017\/01\/3-67-300x155.jpg\" class=\"attachment-medium size-medium\" alt=\"\" srcset=\"https:\/\/archive.sana.sy\/tr\/wp-content\/uploads\/2017\/01\/3-67-300x155.jpg 300w, https:\/\/archive.sana.sy\/tr\/wp-content\/uploads\/2017\/01\/3-67-150x78.jpg 150w, https:\/\/archive.sana.sy\/tr\/wp-content\/uploads\/2017\/01\/3-67-768x398.jpg 768w, https:\/\/archive.sana.sy\/tr\/wp-content\/uploads\/2017\/01\/3-67-1024x530.jpg 1024w\" sizes=\"auto, (max-width: 300px) 100vw, 300px\" \/><\/a>\n\t\t\t<\/div><\/figure><figure class='gallery-item'>\n\t\t\t<div class='gallery-icon landscape'>\n\t\t\t\t<a href='https:\/\/archive.sana.sy\/tr\/wp-content\/uploads\/2017\/01\/2-80.jpg'><img loading=\"lazy\" decoding=\"async\" width=\"300\" height=\"152\" src=\"https:\/\/archive.sana.sy\/tr\/wp-content\/uploads\/2017\/01\/2-80-300x152.jpg\" class=\"attachment-medium size-medium\" alt=\"\" srcset=\"https:\/\/archive.sana.sy\/tr\/wp-content\/uploads\/2017\/01\/2-80-300x152.jpg 300w, https:\/\/archive.sana.sy\/tr\/wp-content\/uploads\/2017\/01\/2-80-150x76.jpg 150w, https:\/\/archive.sana.sy\/tr\/wp-content\/uploads\/2017\/01\/2-80-768x389.jpg 768w, https:\/\/archive.sana.sy\/tr\/wp-content\/uploads\/2017\/01\/2-80-1024x519.jpg 1024w\" sizes=\"auto, (max-width: 300px) 100vw, 300px\" \/><\/a>\n\t\t\t<\/div><\/figure>\n\t\t<\/div>\n\n<p>&nbsp;<\/p>\n<p>&nbsp;<\/p>\n","protected":false},"excerpt":{"rendered":"<p>Cumhurba\u015fkan\u0131 el Esad \u015eam ve k\u0131rsal\u0131nda ter\u00f6r sald\u0131r\u0131lar\u0131 nedeniyle fabrikalar\u0131 hasar g\u00f6ren sanayicilerden bir heyeti kabul etti. &nbsp; &nbsp;<\/p>\n","protected":false},"author":1,"featured_media":103420,"comment_status":"closed","ping_status":"closed","sticky":false,"template":"","format":"standard","meta":{"footnotes":""},"categories":[6459],"tags":[27175],"class_list":["post-103419","post","type-post","status-publish","format-standard","has-post-thumbnail","","category-sana-fotolarl","tag-cumhurbaskani-el-esad-sam-ve-kirsalinda-teror-saldirilari-nedeniyle-fabrikalari-hasar-goren-sanayicilerden-bir-heyeti-kabul-etti"],"_links":{"self":[{"href":"https:\/\/archive.sana.sy\/tr\/index.php?rest_route=\/wp\/v2\/posts\/103419","targetHints":{"allow":["GET"]}}],"collection":[{"href":"https:\/\/archive.sana.sy\/tr\/index.php?rest_route=\/wp\/v2\/posts"}],"about":[{"href":"https:\/\/archive.sana.sy\/tr\/index.php?rest_route=\/wp\/v2\/types\/post"}],"author":[{"embeddable":true,"href":"https:\/\/archive.sana.sy\/tr\/index.php?rest_route=\/wp\/v2\/users\/1"}],"replies":[{"embeddable":true,"href":"https:\/\/archive.sana.sy\/tr\/index.php?rest_route=%2Fwp%2Fv2%2Fcomments&post=103419"}],"version-history":[{"count":0,"href":"https:\/\/archive.sana.sy\/tr\/index.php?rest_route=\/wp\/v2\/posts\/103419\/revisions"}],"wp:featuredmedia":[{"embeddable":true,"href":"https:\/\/archive.sana.sy\/tr\/index.php?rest_route=\/wp\/v2\/media\/103420"}],"wp:attachment":[{"href":"https:\/\/archive.sana.sy\/tr\/index.php?rest_route=%2Fwp%2Fv2%2Fmedia&parent=103419"}],"wp:term":[{"taxonomy":"category","embeddable":true,"href":"https:\/\/archive.sana.sy\/tr\/index.php?rest_route=%2Fwp%2Fv2%2Fcategories&post=103419"},{"taxonomy":"post_tag","embeddable":true,"href":"https:\/\/archive.sana.sy\/tr\/index.php?rest_route=%2Fwp%2Fv2%2Ftags&post=103419"}],"curies":[{"name":"wp","href":"https:\/\/api.w.org\/{rel}","templated":true}]}}