{"id":103432,"date":"2017-01-31T15:33:13","date_gmt":"2017-01-31T13:33:13","guid":{"rendered":"http:\/\/www.sana.sy\/tr\/?p=103432"},"modified":"2017-02-01T14:26:37","modified_gmt":"2017-02-01T12:26:37","slug":"kulturumuz-terore-meydan-okuyor","status":"publish","type":"post","link":"https:\/\/archive.sana.sy\/tr\/?p=103432","title":{"rendered":"K\u00fclt\u00fcr\u00fcm\u00fcz Ter\u00f6re Meydan Okuyor"},"content":{"rendered":"<p>\u015eAM KIRSALI \u2013 Suriye Severleri G\u00f6n\u00fcll\u00fcler Grubu bug\u00fcn \u2018K\u00fclt\u00fcr\u00fcm\u00fcz Ter\u00f6re Meydan Okuyor\u2019 slogan\u0131 alt\u0131nda \u015eam k\u0131rsal\u0131 Ceramana Kentinde sanatsal ve edebi bir etkinlik d\u00fczenledi.<\/p>\n<p><a href=\"http:\/\/www.sana.sy\/tr\/wp-content\/uploads\/2017\/01\/5-39.jpg\"><img loading=\"lazy\" decoding=\"async\" class=\"alignright wp-image-103434 \" src=\"http:\/\/www.sana.sy\/tr\/wp-content\/uploads\/2017\/01\/5-39-300x200.jpg\" width=\"213\" height=\"142\" srcset=\"https:\/\/archive.sana.sy\/tr\/wp-content\/uploads\/2017\/01\/5-39-300x200.jpg 300w, https:\/\/archive.sana.sy\/tr\/wp-content\/uploads\/2017\/01\/5-39-150x100.jpg 150w, https:\/\/archive.sana.sy\/tr\/wp-content\/uploads\/2017\/01\/5-39-768x511.jpg 768w, https:\/\/archive.sana.sy\/tr\/wp-content\/uploads\/2017\/01\/5-39-1024x681.jpg 1024w, https:\/\/archive.sana.sy\/tr\/wp-content\/uploads\/2017\/01\/5-39-310x205.jpg 310w\" sizes=\"auto, (max-width: 213px) 100vw, 213px\" \/><\/a>Suriye ve halk\u0131n\u0131n alt\u0131 y\u0131la yak\u0131n s\u00fcredir b\u00f6lgesel ve evrensel devletlerin edat olarak kullan\u0131p her t\u00fcrl\u00fc deste\u011fi temin ettikleri ter\u00f6re kar\u015f\u0131 onurlu m\u00fccadelesinin \u00f6v\u00fcld\u00fc\u011f\u00fc \u015fiir ve benzeri edebi eserlerin yer ald\u0131\u011f\u0131 etkilikte; vatan koruyucular\u0131 ordu birliklerimizin Suriye ve halk\u0131n\u0131 ter\u00f6re kar\u015f\u0131 savunma duyarl\u0131l\u0131\u011f\u0131 ve fedak\u00e2rl\u0131\u011f\u0131 da \u00f6v\u00fcld\u00fc.<\/p>\n<p>Etkinlikte edebiyat ve sanat\u0131n vatan\u0131 savunmadaki rol\u00fcne dikkat \u00e7ekilirken, bu ba\u011flamda \u00f6nc\u00fc olan edebiyat\u00e7\u0131 ve sanat\u00e7\u0131lara ilaveten ordu birliklerimizden \u015fehit ailelerine onur \u00f6d\u00fclleri da\u011f\u0131t\u0131ld\u0131.<\/p>\n<div id='gallery-1' class='gallery galleryid-103432 gallery-columns-3 gallery-size-thumbnail'><figure class='gallery-item'>\n\t\t\t<div class='gallery-icon landscape'>\n\t\t\t\t<a href='https:\/\/archive.sana.sy\/tr\/wp-content\/uploads\/2017\/01\/7-13.jpg'><img loading=\"lazy\" decoding=\"async\" width=\"150\" height=\"100\" src=\"https:\/\/archive.sana.sy\/tr\/wp-content\/uploads\/2017\/01\/7-13-150x100.jpg\" class=\"attachment-thumbnail size-thumbnail\" alt=\"\" srcset=\"https:\/\/archive.sana.sy\/tr\/wp-content\/uploads\/2017\/01\/7-13-150x100.jpg 150w, https:\/\/archive.sana.sy\/tr\/wp-content\/uploads\/2017\/01\/7-13-300x200.jpg 300w, https:\/\/archive.sana.sy\/tr\/wp-content\/uploads\/2017\/01\/7-13-768x511.jpg 768w, https:\/\/archive.sana.sy\/tr\/wp-content\/uploads\/2017\/01\/7-13-1024x681.jpg 1024w, https:\/\/archive.sana.sy\/tr\/wp-content\/uploads\/2017\/01\/7-13-310x205.jpg 310w\" sizes=\"auto, (max-width: 150px) 100vw, 150px\" \/><\/a>\n\t\t\t<\/div><\/figure><figure class='gallery-item'>\n\t\t\t<div class='gallery-icon landscape'>\n\t\t\t\t<a href='https:\/\/archive.sana.sy\/tr\/wp-content\/uploads\/2017\/01\/2-81.jpg'><img loading=\"lazy\" decoding=\"async\" width=\"150\" height=\"100\" src=\"https:\/\/archive.sana.sy\/tr\/wp-content\/uploads\/2017\/01\/2-81-150x100.jpg\" class=\"attachment-thumbnail size-thumbnail\" alt=\"\" srcset=\"https:\/\/archive.sana.sy\/tr\/wp-content\/uploads\/2017\/01\/2-81-150x100.jpg 150w, https:\/\/archive.sana.sy\/tr\/wp-content\/uploads\/2017\/01\/2-81-300x200.jpg 300w, https:\/\/archive.sana.sy\/tr\/wp-content\/uploads\/2017\/01\/2-81-768x511.jpg 768w, https:\/\/archive.sana.sy\/tr\/wp-content\/uploads\/2017\/01\/2-81-1024x681.jpg 1024w, https:\/\/archive.sana.sy\/tr\/wp-content\/uploads\/2017\/01\/2-81-310x205.jpg 310w\" sizes=\"auto, (max-width: 150px) 100vw, 150px\" \/><\/a>\n\t\t\t<\/div><\/figure><figure class='gallery-item'>\n\t\t\t<div class='gallery-icon landscape'>\n\t\t\t\t<a href='https:\/\/archive.sana.sy\/tr\/wp-content\/uploads\/2017\/01\/3-68.jpg'><img loading=\"lazy\" decoding=\"async\" width=\"150\" height=\"100\" src=\"https:\/\/archive.sana.sy\/tr\/wp-content\/uploads\/2017\/01\/3-68-150x100.jpg\" class=\"attachment-thumbnail size-thumbnail\" alt=\"\" srcset=\"https:\/\/archive.sana.sy\/tr\/wp-content\/uploads\/2017\/01\/3-68-150x100.jpg 150w, https:\/\/archive.sana.sy\/tr\/wp-content\/uploads\/2017\/01\/3-68-300x200.jpg 300w, https:\/\/archive.sana.sy\/tr\/wp-content\/uploads\/2017\/01\/3-68-768x511.jpg 768w, https:\/\/archive.sana.sy\/tr\/wp-content\/uploads\/2017\/01\/3-68-1024x682.jpg 1024w, https:\/\/archive.sana.sy\/tr\/wp-content\/uploads\/2017\/01\/3-68-310x205.jpg 310w\" sizes=\"auto, (max-width: 150px) 100vw, 150px\" \/><\/a>\n\t\t\t<\/div><\/figure><figure class='gallery-item'>\n\t\t\t<div class='gallery-icon landscape'>\n\t\t\t\t<a href='https:\/\/archive.sana.sy\/tr\/wp-content\/uploads\/2017\/01\/4-42.jpg'><img loading=\"lazy\" decoding=\"async\" width=\"150\" height=\"110\" src=\"https:\/\/archive.sana.sy\/tr\/wp-content\/uploads\/2017\/01\/4-42-150x110.jpg\" class=\"attachment-thumbnail size-thumbnail\" alt=\"\" srcset=\"https:\/\/archive.sana.sy\/tr\/wp-content\/uploads\/2017\/01\/4-42-150x110.jpg 150w, https:\/\/archive.sana.sy\/tr\/wp-content\/uploads\/2017\/01\/4-42-300x219.jpg 300w, https:\/\/archive.sana.sy\/tr\/wp-content\/uploads\/2017\/01\/4-42-768x562.jpg 768w, https:\/\/archive.sana.sy\/tr\/wp-content\/uploads\/2017\/01\/4-42-1024x749.jpg 1024w\" sizes=\"auto, (max-width: 150px) 100vw, 150px\" \/><\/a>\n\t\t\t<\/div><\/figure><figure class='gallery-item'>\n\t\t\t<div class='gallery-icon landscape'>\n\t\t\t\t<a href='https:\/\/archive.sana.sy\/tr\/wp-content\/uploads\/2017\/01\/6-26.jpg'><img loading=\"lazy\" decoding=\"async\" width=\"150\" height=\"100\" src=\"https:\/\/archive.sana.sy\/tr\/wp-content\/uploads\/2017\/01\/6-26-150x100.jpg\" class=\"attachment-thumbnail size-thumbnail\" alt=\"\" srcset=\"https:\/\/archive.sana.sy\/tr\/wp-content\/uploads\/2017\/01\/6-26-150x100.jpg 150w, https:\/\/archive.sana.sy\/tr\/wp-content\/uploads\/2017\/01\/6-26-300x200.jpg 300w, https:\/\/archive.sana.sy\/tr\/wp-content\/uploads\/2017\/01\/6-26-768x511.jpg 768w, https:\/\/archive.sana.sy\/tr\/wp-content\/uploads\/2017\/01\/6-26-1024x681.jpg 1024w, https:\/\/archive.sana.sy\/tr\/wp-content\/uploads\/2017\/01\/6-26-310x205.jpg 310w\" sizes=\"auto, (max-width: 150px) 100vw, 150px\" \/><\/a>\n\t\t\t<\/div><\/figure>\n\t\t<\/div>\n\n","protected":false},"excerpt":{"rendered":"<p>\u015eAM KIRSALI \u2013 Suriye Severleri G\u00f6n\u00fcll\u00fcler Grubu bug\u00fcn \u2018K\u00fclt\u00fcr\u00fcm\u00fcz Ter\u00f6re Meydan Okuyor\u2019 slogan\u0131 alt\u0131nda \u015eam k\u0131rsal\u0131 Ceramana Kentinde sanatsal ve edebi bir etkinlik d\u00fczenledi. Suriye ve halk\u0131n\u0131n alt\u0131 y\u0131la yak\u0131n s\u00fcredir b\u00f6lgesel ve evrensel devletlerin edat olarak kullan\u0131p her t\u00fcrl\u00fc deste\u011fi temin ettikleri ter\u00f6re kar\u015f\u0131 onurlu m\u00fccadelesinin \u00f6v\u00fcld\u00fc\u011f\u00fc \u015fiir ve benzeri edebi eserlerin yer ald\u0131\u011f\u0131 &hellip;<\/p>\n","protected":false},"author":1,"featured_media":103433,"comment_status":"closed","ping_status":"closed","sticky":false,"template":"","format":"standard","meta":{"footnotes":""},"categories":[596,516,479,511,17988,478],"tags":[27181,27182],"class_list":["post-103432","post","type-post","status-publish","format-standard","has-post-thumbnail","","category-fotografli-raporlar","category-haberler-kultur-ve-sanat","category-haberler-yerel","category-kultur-ve-sanat","category-son-haberler","category-yerel","tag-kulturumuz-terore-meydan-okuyor","tag-suriye-severleri-gonulluler-grubu"],"_links":{"self":[{"href":"https:\/\/archive.sana.sy\/tr\/index.php?rest_route=\/wp\/v2\/posts\/103432","targetHints":{"allow":["GET"]}}],"collection":[{"href":"https:\/\/archive.sana.sy\/tr\/index.php?rest_route=\/wp\/v2\/posts"}],"about":[{"href":"https:\/\/archive.sana.sy\/tr\/index.php?rest_route=\/wp\/v2\/types\/post"}],"author":[{"embeddable":true,"href":"https:\/\/archive.sana.sy\/tr\/index.php?rest_route=\/wp\/v2\/users\/1"}],"replies":[{"embeddable":true,"href":"https:\/\/archive.sana.sy\/tr\/index.php?rest_route=%2Fwp%2Fv2%2Fcomments&post=103432"}],"version-history":[{"count":0,"href":"https:\/\/archive.sana.sy\/tr\/index.php?rest_route=\/wp\/v2\/posts\/103432\/revisions"}],"wp:featuredmedia":[{"embeddable":true,"href":"https:\/\/archive.sana.sy\/tr\/index.php?rest_route=\/wp\/v2\/media\/103433"}],"wp:attachment":[{"href":"https:\/\/archive.sana.sy\/tr\/index.php?rest_route=%2Fwp%2Fv2%2Fmedia&parent=103432"}],"wp:term":[{"taxonomy":"category","embeddable":true,"href":"https:\/\/archive.sana.sy\/tr\/index.php?rest_route=%2Fwp%2Fv2%2Fcategories&post=103432"},{"taxonomy":"post_tag","embeddable":true,"href":"https:\/\/archive.sana.sy\/tr\/index.php?rest_route=%2Fwp%2Fv2%2Ftags&post=103432"}],"curies":[{"name":"wp","href":"https:\/\/api.w.org\/{rel}","templated":true}]}}