{"id":103441,"date":"2017-01-31T16:02:49","date_gmt":"2017-01-31T14:02:49","guid":{"rendered":"http:\/\/www.sana.sy\/tr\/?p=103441"},"modified":"2017-02-01T14:24:53","modified_gmt":"2017-02-01T12:24:53","slug":"siyasi-ve-dusunur-elitlerin-onemli-bir-rolu-var","status":"publish","type":"post","link":"https:\/\/archive.sana.sy\/tr\/?p=103441","title":{"rendered":"Siyasi ve D\u00fc\u015f\u00fcn\u00fcr Elitlerin \u00d6nemli Bir Rol\u00fc Var (video)"},"content":{"rendered":"<p>\u015eAM \u2013 Halk Meclisi Ba\u015fkan\u0131 Hediye Abbas bug\u00fcn, Tunus\u2019ta Direni\u015fe Destek ve Siyonist \u0130srail&#8217;le \u0130li\u015fkileri Normalle\u015ftirmekle M\u00fccadele Komite heyetini kabul etti.<\/p>\n<p><a href=\"http:\/\/www.sana.sy\/tr\/wp-content\/uploads\/2017\/01\/Abbas-2-2.jpg\"><img loading=\"lazy\" decoding=\"async\" class=\"alignright wp-image-103443 size-medium\" src=\"http:\/\/www.sana.sy\/tr\/wp-content\/uploads\/2017\/01\/Abbas-2-2-300x200.jpg\" width=\"300\" height=\"200\" srcset=\"https:\/\/archive.sana.sy\/tr\/wp-content\/uploads\/2017\/01\/Abbas-2-2-300x200.jpg 300w, https:\/\/archive.sana.sy\/tr\/wp-content\/uploads\/2017\/01\/Abbas-2-2-150x100.jpg 150w, https:\/\/archive.sana.sy\/tr\/wp-content\/uploads\/2017\/01\/Abbas-2-2-768x511.jpg 768w, https:\/\/archive.sana.sy\/tr\/wp-content\/uploads\/2017\/01\/Abbas-2-2-1024x681.jpg 1024w\" sizes=\"auto, (max-width: 300px) 100vw, 300px\" \/><\/a>G\u00f6r\u00fc\u015fmede Abbas, siyasi ve d\u00fc\u015f\u00fcn\u00fcr elitlerin \u00f6zellikle bu s\u00fcre\u00e7 i\u00e7inde ulusalc\u0131 ve milli ideolojinin yeni nesillerde peki\u015ftirilmesindeki \u00f6nemine vurgu yaparken, bunun radikal ideoloji, ter\u00f6r ve b\u00f6lge halklar\u0131n\u0131 hedef alan planlara kar\u015f\u0131 m\u00fccadeledeki rol\u00fcn\u00fcn alt\u0131n\u0131 \u00e7izdi.<\/p>\n<p>Suriye ve halk\u0131na y\u00f6nelik muhtelif y\u00f6nl\u00fc olarak y\u00fcr\u00fct\u00fclen sava\u015f\u0131n ama\u00e7 ve gayelerine dikkat \u00e7eken Meclis Ba\u015fkan\u0131 Abbas; muhtelif terimlerin kullan\u0131ld\u0131\u011f\u0131 bu sava\u015f\u0131n b\u00f6lge halklar\u0131n\u0131n \u00e7\u0131karlar\u0131n\u0131 sabote etmek, b\u00f6lge devletlerini hegemonya alt\u0131na almak, par\u00e7alay\u0131p zay\u0131flatmay\u0131 ama\u00e7lad\u0131\u011f\u0131n\u0131 kaydetti. Abbas t\u00fcm bunlar\u0131n da siyonist \u0130srail\u2019in \u00e7\u0131karlar\u0131na hizmet etti\u011fini, Filistin davas\u0131n\u0131 da bu i\u015fgalci varl\u0131\u011f\u0131n \u00e7\u0131karlar\u0131na hizmet edecek \u015fekilde tasfiye etmeyi hedefledi\u011fini ifade etti.<\/p>\n<p>Demokrasi, insan haklar\u0131, \u00f6zg\u00fcrl\u00fck ve daha ba\u015fka alakas\u0131z adland\u0131rmalar alt\u0131nda b\u00f6lge halklar\u0131 ve toplumlar\u0131 aras\u0131nda fitne,kaos ve \u015fiddeti yaymaya \u00e7al\u0131\u015ft\u0131klar\u0131n\u0131 vurgulayan Abbas; Suriye&#8217;nin ter\u00f6rle ciddi bir m\u00fccadele vermek isteyen t\u00fcm taraflarla i\u015fbirli\u011fini memnuniyetle kar\u015f\u0131lad\u0131\u011f\u0131n\u0131 s\u00f6yledi.<\/p>\n<p><a href=\"http:\/\/www.sana.sy\/tr\/wp-content\/uploads\/2017\/01\/Abbas-3-1.jpg\"><img loading=\"lazy\" decoding=\"async\" class=\"alignright wp-image-103444 size-medium\" src=\"http:\/\/www.sana.sy\/tr\/wp-content\/uploads\/2017\/01\/Abbas-3-1-300x200.jpg\" width=\"300\" height=\"200\" srcset=\"https:\/\/archive.sana.sy\/tr\/wp-content\/uploads\/2017\/01\/Abbas-3-1-300x200.jpg 300w, https:\/\/archive.sana.sy\/tr\/wp-content\/uploads\/2017\/01\/Abbas-3-1-150x100.jpg 150w, https:\/\/archive.sana.sy\/tr\/wp-content\/uploads\/2017\/01\/Abbas-3-1-768x511.jpg 768w, https:\/\/archive.sana.sy\/tr\/wp-content\/uploads\/2017\/01\/Abbas-3-1-1024x681.jpg 1024w\" sizes=\"auto, (max-width: 300px) 100vw, 300px\" \/><\/a>Konuk heyet ba\u015fkan\u0131 Adil Bin Sumayda ise; Suriye&#8217;nin b\u00f6lgede siyonist ve bat\u0131l\u0131 planlara kar\u015f\u0131 m\u00fccadelenin \u015fahdamar\u0131n\u0131 olu\u015fturmas\u0131 nedeniyle bu denli b\u00fcy\u00fck bir sald\u0131r\u0131ya maruz kald\u0131\u011f\u0131n\u0131 belirtti. Bin Sumayda, t\u00fcm bu d\u00fc\u015fmanc\u0131 plan ve sald\u0131r\u0131lar\u0131n Suriye&#8217;nin ordu, halk ve y\u00f6netim olarak omuz omuza sergiledi\u011fi m\u00fccadele sayesinde \u00e7\u00f6kmeye ba\u015flad\u0131\u011f\u0131n\u0131 ifade etti.<\/p>\n<p>Tunus\u2019un Suriye y\u00f6netimi ve halk\u0131na deste\u011fini belirten heyet \u00fcyeleri de; Suriye&#8217;ye ziyaretleri \u00e7er\u00e7evesinde g\u00f6rd\u00fckleri t\u00fcm ger\u00e7ekleri kendi \u00fclkelerine aktaracaklar\u0131n\u0131, Suriye&#8217;ye y\u00f6nelik sava\u015f\u0131n bir y\u00fcz\u00fc olan ger\u00e7ekleri \u00e7arp\u0131tma \u00e7abalar\u0131n\u0131n \u00e7\u00f6kertilmesine katk\u0131 sa\u011flayacaklar\u0131n\u0131 kaydettiler.<\/p>\n<p>Konuk heyet d\u00fcn Baas Partisi Genel Sekreter Yard\u0131mc\u0131s\u0131 Hilal Hilal ile bir araya gelmi\u015fti. G\u00f6r\u00fc\u015fmede heyet \u00fcyeleri; Tunus\u2019ta gen\u00e7leri Suriye&#8217;deki ter\u00f6r \u00f6rg\u00fctleri saflar\u0131na \u00f6rg\u00fctleme \u015febekelerini de\u015fifre etme ve bu mesele ile m\u00fccadelede komitenin harcad\u0131\u011f\u0131 \u00e7abalara dikkat \u00e7ekmi\u015flerdi.<\/p>\n<p>https:\/\/www.youtube.com\/watch?v=6N24kZsNWhw<\/p>\n","protected":false},"excerpt":{"rendered":"<p>\u015eAM \u2013 Halk Meclisi Ba\u015fkan\u0131 Hediye Abbas bug\u00fcn, Tunus\u2019ta Direni\u015fe Destek ve Siyonist \u0130srail&#8217;le \u0130li\u015fkileri Normalle\u015ftirmekle M\u00fccadele Komite heyetini kabul etti. G\u00f6r\u00fc\u015fmede Abbas, siyasi ve d\u00fc\u015f\u00fcn\u00fcr elitlerin \u00f6zellikle bu s\u00fcre\u00e7 i\u00e7inde ulusalc\u0131 ve milli ideolojinin yeni nesillerde peki\u015ftirilmesindeki \u00f6nemine vurgu yaparken, bunun radikal ideoloji, ter\u00f6r ve b\u00f6lge halklar\u0131n\u0131 hedef alan planlara kar\u015f\u0131 m\u00fccadeledeki rol\u00fcn\u00fcn alt\u0131n\u0131 &hellip;<\/p>\n","protected":false},"author":1,"featured_media":103442,"comment_status":"closed","ping_status":"closed","sticky":false,"template":"","format":"standard","meta":{"footnotes":""},"categories":[479,17988,478],"tags":[3626,22307,20319,27184,22639,27183,22182],"class_list":["post-103441","post","type-post","status-publish","format-standard","has-post-thumbnail","","category-haberler-yerel","category-son-haberler","category-yerel","tag-demokrasi","tag-halk-meclisi-baskani-hediye-abbas","tag-insan-haklari","tag-ozgurluk-ve-daha-baska-alakasiz-adlandirmalar-altinda-bolge-halklari","tag-s","tag-siyasi-ve-dusunur-elitlerin-onemli-bir-rolu-var","tag-suriyede-savas"],"_links":{"self":[{"href":"https:\/\/archive.sana.sy\/tr\/index.php?rest_route=\/wp\/v2\/posts\/103441","targetHints":{"allow":["GET"]}}],"collection":[{"href":"https:\/\/archive.sana.sy\/tr\/index.php?rest_route=\/wp\/v2\/posts"}],"about":[{"href":"https:\/\/archive.sana.sy\/tr\/index.php?rest_route=\/wp\/v2\/types\/post"}],"author":[{"embeddable":true,"href":"https:\/\/archive.sana.sy\/tr\/index.php?rest_route=\/wp\/v2\/users\/1"}],"replies":[{"embeddable":true,"href":"https:\/\/archive.sana.sy\/tr\/index.php?rest_route=%2Fwp%2Fv2%2Fcomments&post=103441"}],"version-history":[{"count":0,"href":"https:\/\/archive.sana.sy\/tr\/index.php?rest_route=\/wp\/v2\/posts\/103441\/revisions"}],"wp:featuredmedia":[{"embeddable":true,"href":"https:\/\/archive.sana.sy\/tr\/index.php?rest_route=\/wp\/v2\/media\/103442"}],"wp:attachment":[{"href":"https:\/\/archive.sana.sy\/tr\/index.php?rest_route=%2Fwp%2Fv2%2Fmedia&parent=103441"}],"wp:term":[{"taxonomy":"category","embeddable":true,"href":"https:\/\/archive.sana.sy\/tr\/index.php?rest_route=%2Fwp%2Fv2%2Fcategories&post=103441"},{"taxonomy":"post_tag","embeddable":true,"href":"https:\/\/archive.sana.sy\/tr\/index.php?rest_route=%2Fwp%2Fv2%2Ftags&post=103441"}],"curies":[{"name":"wp","href":"https:\/\/api.w.org\/{rel}","templated":true}]}}