{"id":103447,"date":"2017-01-31T16:13:24","date_gmt":"2017-01-31T14:13:24","guid":{"rendered":"http:\/\/www.sana.sy\/tr\/?p=103447"},"modified":"2017-02-01T14:25:24","modified_gmt":"2017-02-01T12:25:24","slug":"uygun-fiyat-ve-kaliteyle-satis-yapan-kurum-gelistirilecek","status":"publish","type":"post","link":"https:\/\/archive.sana.sy\/tr\/?p=103447","title":{"rendered":"Uygun Fiyat ve Kaliteyle Sat\u0131\u015f Yapan Kurum Geli\u015ftirilecek"},"content":{"rendered":"<p>\u015eAM \u2013 \u0130\u00e7 Ticaret ve T\u00fcketiciyi Koruma Bakan\u0131 Abdullah el Garbi; fiyat ve kalite a\u00e7\u0131s\u0131ndan vatanda\u015flar\u0131n muhtelif t\u00fcr g\u0131da ve t\u00fcketim maddeleri gereksinimlerini temin etmede b\u00fcy\u00fck bir rol oynayan Suriye Ticaret Kurumunun rol\u00fcn\u00fc daha de peki\u015ftirme \u00f6neminin alt\u0131n\u0131 \u00e7izdi.<\/p>\n<p>Kurumun Genel M\u00fcd\u00fcr\u00fc Ammar Muhammed\u2019in huzurunda il genel m\u00fcd\u00fcrleri ile d\u00fczenledi\u011fi toplant\u0131da Bakan Garbi; kurumun \u00f6zel ve kamu sekt\u00f6r\u00fc aras\u0131nda \u00f6nc\u00fc bir kurum haline getirilmesi \u00e7a\u011fr\u0131s\u0131nda bulundu.<\/p>\n<p>Kurumun \u00f6zellikle mevcut ko\u015fullar i\u00e7inde t\u00fcm illerde ve b\u00f6lgelerde destek fiyatlarla sat\u0131\u015f yapmas\u0131yla vatanda\u015flar\u0131n ihtiya\u00e7lar\u0131n\u0131 kar\u015f\u0131lamada oynad\u0131\u011f\u0131 role dikkat \u00e7eken Bakan Garbi; dolay\u0131s\u0131yla kuruma tabi sat\u0131\u015f merkezlerinin s\u00fcrekli olarak denetlenmesi \u00f6nemini vurgulad\u0131. Garbi ayn\u0131 zamanda bu sat\u0131\u015f merkezlerinin say\u0131s\u0131n\u0131 artt\u0131rma yurdun genelinde \u015fehir ve k\u0131rsal alanlarda yeni sat\u0131\u015f merkezleri a\u00e7ma talimatlar\u0131 verdi.<\/p>\n<p>\u0130\u00e7 Ticaret ve T\u00fcketiciyi Koruma Bakan\u0131 Garbi; kurumun sanayici, \u00e7ift\u00e7i ve t\u00fcm \u00fcreticilere destek olmas\u0131, bunlar\u0131n \u00fcretimlerini sat\u0131n al\u0131p vatanda\u015flara uygun fiyatlarla temin etmesi rol\u00fcn\u00fcn de alt\u0131n\u0131 \u00e7izdi.<\/p>\n<p>Suriye Ticaret Kurumu yurdun genelinde 1500\u2019den fazla sat\u0131\u015f merkezinin yan\u0131 s\u0131ra y\u00fczlerce seyyar sat\u0131\u015f arac\u0131 ile g\u0131da, giyim, elektrikli cihazlar, mutfak gere\u00e7leri ve akla gelebilecek muhtelif t\u00fcr t\u00fcketim maddelerini vatanda\u015flara uygun kalite ve fiyatlarla temin ediyor.<\/p>\n","protected":false},"excerpt":{"rendered":"<p>\u015eAM \u2013 \u0130\u00e7 Ticaret ve T\u00fcketiciyi Koruma Bakan\u0131 Abdullah el Garbi; fiyat ve kalite a\u00e7\u0131s\u0131ndan vatanda\u015flar\u0131n muhtelif t\u00fcr g\u0131da ve t\u00fcketim maddeleri gereksinimlerini temin etmede b\u00fcy\u00fck bir rol oynayan Suriye Ticaret Kurumunun rol\u00fcn\u00fc daha de peki\u015ftirme \u00f6neminin alt\u0131n\u0131 \u00e7izdi. Kurumun Genel M\u00fcd\u00fcr\u00fc Ammar Muhammed\u2019in huzurunda il genel m\u00fcd\u00fcrleri ile d\u00fczenledi\u011fi toplant\u0131da Bakan Garbi; kurumun \u00f6zel &hellip;<\/p>\n","protected":false},"author":1,"featured_media":103448,"comment_status":"closed","ping_status":"closed","sticky":false,"template":"","format":"standard","meta":{"footnotes":""},"categories":[485,486,479,17988,478],"tags":[22441,24182,27185],"class_list":["post-103447","post","type-post","status-publish","format-standard","has-post-thumbnail","","category-is-ve-sermaye","category-haberler-is-ve-sermaye","category-haberler-yerel","category-son-haberler","category-yerel","tag-ic-ticaret-ve-tuketiciyi-koruma-bakani-abdullah-el-garbi","tag-suriyede-ekonomi","tag-uygun-fiyat-ve-kaliteyle-satis-yapan-kurum-gelistirilecek"],"_links":{"self":[{"href":"https:\/\/archive.sana.sy\/tr\/index.php?rest_route=\/wp\/v2\/posts\/103447","targetHints":{"allow":["GET"]}}],"collection":[{"href":"https:\/\/archive.sana.sy\/tr\/index.php?rest_route=\/wp\/v2\/posts"}],"about":[{"href":"https:\/\/archive.sana.sy\/tr\/index.php?rest_route=\/wp\/v2\/types\/post"}],"author":[{"embeddable":true,"href":"https:\/\/archive.sana.sy\/tr\/index.php?rest_route=\/wp\/v2\/users\/1"}],"replies":[{"embeddable":true,"href":"https:\/\/archive.sana.sy\/tr\/index.php?rest_route=%2Fwp%2Fv2%2Fcomments&post=103447"}],"version-history":[{"count":0,"href":"https:\/\/archive.sana.sy\/tr\/index.php?rest_route=\/wp\/v2\/posts\/103447\/revisions"}],"wp:featuredmedia":[{"embeddable":true,"href":"https:\/\/archive.sana.sy\/tr\/index.php?rest_route=\/wp\/v2\/media\/103448"}],"wp:attachment":[{"href":"https:\/\/archive.sana.sy\/tr\/index.php?rest_route=%2Fwp%2Fv2%2Fmedia&parent=103447"}],"wp:term":[{"taxonomy":"category","embeddable":true,"href":"https:\/\/archive.sana.sy\/tr\/index.php?rest_route=%2Fwp%2Fv2%2Fcategories&post=103447"},{"taxonomy":"post_tag","embeddable":true,"href":"https:\/\/archive.sana.sy\/tr\/index.php?rest_route=%2Fwp%2Fv2%2Ftags&post=103447"}],"curies":[{"name":"wp","href":"https:\/\/api.w.org\/{rel}","templated":true}]}}