{"id":103450,"date":"2017-01-31T16:38:13","date_gmt":"2017-01-31T14:38:13","guid":{"rendered":"http:\/\/www.sana.sy\/tr\/?p=103450"},"modified":"2017-02-01T14:24:02","modified_gmt":"2017-02-01T12:24:02","slug":"vatan-ve-vatandaslari-korumak-insani-bir-gorevdir","status":"publish","type":"post","link":"https:\/\/archive.sana.sy\/tr\/?p=103450","title":{"rendered":"Vatan ve Vatanda\u015flar\u0131 Korumak \u0130nsani Bir G\u00f6revdir"},"content":{"rendered":"<p>KUNAYTRA \u2013 Suriye ve halk\u0131n\u0131 d\u0131\u015f destekli ter\u00f6re kar\u015f\u0131 savunmada \u00fcst\u00fcn fedakarl\u0131klar\u0131, duyarl\u0131l\u0131klar\u0131 ve sorumluluklar\u0131na takdirin bir ifadesi olarak Kunaytra Valili\u011fi bug\u00fcn il k\u0131rsal\u0131nda \u0130srail destekli ter\u00f6re kar\u015f\u0131 sava\u015fan ordu birliklerimizin bir birli\u011fini izaz etti.<a href=\"http:\/\/www.sana.sy\/tr\/wp-content\/uploads\/2017\/01\/kunaytra-2.jpg\"><img loading=\"lazy\" decoding=\"async\" class=\"alignright wp-image-103452 size-medium\" src=\"http:\/\/www.sana.sy\/tr\/wp-content\/uploads\/2017\/01\/kunaytra-2-300x169.jpg\" width=\"300\" height=\"169\" srcset=\"https:\/\/archive.sana.sy\/tr\/wp-content\/uploads\/2017\/01\/kunaytra-2-300x169.jpg 300w, https:\/\/archive.sana.sy\/tr\/wp-content\/uploads\/2017\/01\/kunaytra-2-150x84.jpg 150w, https:\/\/archive.sana.sy\/tr\/wp-content\/uploads\/2017\/01\/kunaytra-2-768x432.jpg 768w, https:\/\/archive.sana.sy\/tr\/wp-content\/uploads\/2017\/01\/kunaytra-2-1024x576.jpg 1024w, https:\/\/archive.sana.sy\/tr\/wp-content\/uploads\/2017\/01\/kunaytra-2.jpg 1280w\" sizes=\"auto, (max-width: 300px) 100vw, 300px\" \/><\/a><\/p>\n<p>Ordu birliklerimizi ziyaret eden Kunaytra Valisi Ahmet \u015eeyh Abd\u00fclkadir; vatan koruyucular\u0131m\u0131z\u0131n halk\u0131n can ve mal g\u00fcvenli\u011fini temin etmekle birlikte ter\u00f6re kar\u015f\u0131 sava\u015f ve ulusal egemenli\u011fi hedef alan planlar\u0131n \u00e7\u00f6kertilmesinde verdikleri sava\u015f\u0131n her Suriyeli i\u00e7in bir gurur kayna\u011f\u0131 oldu\u011funun alt\u0131n\u0131 \u00e7izdi.<\/p>\n<p>Vatan koruyucular\u0131m\u0131z ise Suriye ve halk\u0131n\u0131n kendisinden bekledikleri duyarl\u0131 g\u00f6revi en iyi \u015fekilde yerine getireceklerini, vatan ve vatanda\u015flar\u0131n g\u00fcvenlik ve onurlar\u0131n\u0131 koruman\u0131n ulusal bir g\u00f6rev oldu\u011fu gibi insani bir sorumluluk oldu\u011funun da alt\u0131n\u0131 \u00e7izdi.<\/p>\n<div id='gallery-1' class='gallery galleryid-103450 gallery-columns-3 gallery-size-medium'><figure class='gallery-item'>\n\t\t\t<div class='gallery-icon landscape'>\n\t\t\t\t<a href='https:\/\/archive.sana.sy\/tr\/wp-content\/uploads\/2017\/01\/kunaytra-5.jpg'><img loading=\"lazy\" decoding=\"async\" width=\"300\" height=\"215\" src=\"https:\/\/archive.sana.sy\/tr\/wp-content\/uploads\/2017\/01\/kunaytra-5-300x215.jpg\" class=\"attachment-medium size-medium\" alt=\"\" srcset=\"https:\/\/archive.sana.sy\/tr\/wp-content\/uploads\/2017\/01\/kunaytra-5-300x215.jpg 300w, https:\/\/archive.sana.sy\/tr\/wp-content\/uploads\/2017\/01\/kunaytra-5-150x107.jpg 150w, https:\/\/archive.sana.sy\/tr\/wp-content\/uploads\/2017\/01\/kunaytra-5-768x550.jpg 768w, https:\/\/archive.sana.sy\/tr\/wp-content\/uploads\/2017\/01\/kunaytra-5.jpg 835w\" sizes=\"auto, (max-width: 300px) 100vw, 300px\" \/><\/a>\n\t\t\t<\/div><\/figure><figure class='gallery-item'>\n\t\t\t<div class='gallery-icon landscape'>\n\t\t\t\t<a href='https:\/\/archive.sana.sy\/tr\/wp-content\/uploads\/2017\/01\/kunaytra-3.jpg'><img loading=\"lazy\" decoding=\"async\" width=\"300\" height=\"169\" src=\"https:\/\/archive.sana.sy\/tr\/wp-content\/uploads\/2017\/01\/kunaytra-3-300x169.jpg\" class=\"attachment-medium size-medium\" alt=\"\" srcset=\"https:\/\/archive.sana.sy\/tr\/wp-content\/uploads\/2017\/01\/kunaytra-3-300x169.jpg 300w, https:\/\/archive.sana.sy\/tr\/wp-content\/uploads\/2017\/01\/kunaytra-3-150x84.jpg 150w, https:\/\/archive.sana.sy\/tr\/wp-content\/uploads\/2017\/01\/kunaytra-3-768x432.jpg 768w, https:\/\/archive.sana.sy\/tr\/wp-content\/uploads\/2017\/01\/kunaytra-3-1024x576.jpg 1024w, https:\/\/archive.sana.sy\/tr\/wp-content\/uploads\/2017\/01\/kunaytra-3.jpg 1280w\" sizes=\"auto, (max-width: 300px) 100vw, 300px\" \/><\/a>\n\t\t\t<\/div><\/figure><figure class='gallery-item'>\n\t\t\t<div class='gallery-icon landscape'>\n\t\t\t\t<a href='https:\/\/archive.sana.sy\/tr\/wp-content\/uploads\/2017\/01\/kunaytra-4.jpg'><img loading=\"lazy\" decoding=\"async\" width=\"300\" height=\"169\" src=\"https:\/\/archive.sana.sy\/tr\/wp-content\/uploads\/2017\/01\/kunaytra-4-300x169.jpg\" class=\"attachment-medium size-medium\" alt=\"\" srcset=\"https:\/\/archive.sana.sy\/tr\/wp-content\/uploads\/2017\/01\/kunaytra-4-300x169.jpg 300w, https:\/\/archive.sana.sy\/tr\/wp-content\/uploads\/2017\/01\/kunaytra-4-150x84.jpg 150w, https:\/\/archive.sana.sy\/tr\/wp-content\/uploads\/2017\/01\/kunaytra-4-768x432.jpg 768w, https:\/\/archive.sana.sy\/tr\/wp-content\/uploads\/2017\/01\/kunaytra-4-1024x576.jpg 1024w, https:\/\/archive.sana.sy\/tr\/wp-content\/uploads\/2017\/01\/kunaytra-4.jpg 1280w\" sizes=\"auto, (max-width: 300px) 100vw, 300px\" \/><\/a>\n\t\t\t<\/div><\/figure>\n\t\t<\/div>\n\n","protected":false},"excerpt":{"rendered":"<p>KUNAYTRA \u2013 Suriye ve halk\u0131n\u0131 d\u0131\u015f destekli ter\u00f6re kar\u015f\u0131 savunmada \u00fcst\u00fcn fedakarl\u0131klar\u0131, duyarl\u0131l\u0131klar\u0131 ve sorumluluklar\u0131na takdirin bir ifadesi olarak Kunaytra Valili\u011fi bug\u00fcn il k\u0131rsal\u0131nda \u0130srail destekli ter\u00f6re kar\u015f\u0131 sava\u015fan ordu birliklerimizin bir birli\u011fini izaz etti. Ordu birliklerimizi ziyaret eden Kunaytra Valisi Ahmet \u015eeyh Abd\u00fclkadir; vatan koruyucular\u0131m\u0131z\u0131n halk\u0131n can ve mal g\u00fcvenli\u011fini temin etmekle birlikte ter\u00f6re &hellip;<\/p>\n","protected":false},"author":1,"featured_media":103451,"comment_status":"closed","ping_status":"closed","sticky":false,"template":"","format":"standard","meta":{"footnotes":""},"categories":[479,17988,478],"tags":[3464,27187,17646,11549,2442,27186],"class_list":["post-103450","post","type-post","status-publish","format-standard","has-post-thumbnail","","category-haberler-yerel","category-son-haberler","category-yerel","tag-nusra-cephesi","tag-kunaytra-valiligi","tag-kunaytra-valisi-ahmet-seyh-abdulkadir","tag-suriye-ordusu","tag-teror","tag-vatan-ve-vatandaslari-korumak-insani-bir-gorevdir"],"_links":{"self":[{"href":"https:\/\/archive.sana.sy\/tr\/index.php?rest_route=\/wp\/v2\/posts\/103450","targetHints":{"allow":["GET"]}}],"collection":[{"href":"https:\/\/archive.sana.sy\/tr\/index.php?rest_route=\/wp\/v2\/posts"}],"about":[{"href":"https:\/\/archive.sana.sy\/tr\/index.php?rest_route=\/wp\/v2\/types\/post"}],"author":[{"embeddable":true,"href":"https:\/\/archive.sana.sy\/tr\/index.php?rest_route=\/wp\/v2\/users\/1"}],"replies":[{"embeddable":true,"href":"https:\/\/archive.sana.sy\/tr\/index.php?rest_route=%2Fwp%2Fv2%2Fcomments&post=103450"}],"version-history":[{"count":0,"href":"https:\/\/archive.sana.sy\/tr\/index.php?rest_route=\/wp\/v2\/posts\/103450\/revisions"}],"wp:featuredmedia":[{"embeddable":true,"href":"https:\/\/archive.sana.sy\/tr\/index.php?rest_route=\/wp\/v2\/media\/103451"}],"wp:attachment":[{"href":"https:\/\/archive.sana.sy\/tr\/index.php?rest_route=%2Fwp%2Fv2%2Fmedia&parent=103450"}],"wp:term":[{"taxonomy":"category","embeddable":true,"href":"https:\/\/archive.sana.sy\/tr\/index.php?rest_route=%2Fwp%2Fv2%2Fcategories&post=103450"},{"taxonomy":"post_tag","embeddable":true,"href":"https:\/\/archive.sana.sy\/tr\/index.php?rest_route=%2Fwp%2Fv2%2Ftags&post=103450"}],"curies":[{"name":"wp","href":"https:\/\/api.w.org\/{rel}","templated":true}]}}