{"id":103461,"date":"2017-01-31T19:30:19","date_gmt":"2017-01-31T17:30:19","guid":{"rendered":"http:\/\/www.sana.sy\/tr\/?p=103461"},"modified":"2017-02-01T14:28:08","modified_gmt":"2017-02-01T12:28:08","slug":"tunuslu-heyet-suriye-ordusunun-zaferleriyle-gurur-duyuyoruz","status":"publish","type":"post","link":"https:\/\/archive.sana.sy\/tr\/?p=103461","title":{"rendered":"Tunuslu Heyet Suriye Ordusunun Zaferleriyle Gurur Duyuyoruz"},"content":{"rendered":"<p>\u015eAM &#8211; D\u0131\u015fi\u015fleri ve Gurbet\u00e7iler Bakan Yard\u0131mc\u0131s\u0131 Faysal Mikdat, bug\u00fcn \u00f6\u011fleden sonra Tunus\u2019ta Direni\u015fe Destek, Siyonizm ve \u0130srail ile \u0130li\u015fkileri Normalle\u015ftirmekle M\u00fccadele Komite heyetini kabul etti.<\/p>\n<p>G\u00f6r\u00fc\u015fmede D\u0131\u015fi\u015fleri ve Gurbet\u00e7iler Bakan Yard\u0131mc\u0131s\u0131 Mikdat, Suriye ve Tunus\u2019ta karde\u015f halklar aras\u0131ndaki tarihi ili\u015fkiler ve ba\u011flar\u0131n derinli\u011fine ifade etti. Mikdat Suriye&#8217;nin h\u00fck\u00fcmet ve hal olarak, alt\u0131 y\u0131la yak\u0131n s\u00fcredir \u0130srail ve i\u015fbirlik\u00e7ileri taraf\u0131ndan edat olara kullan\u0131lan ter\u00f6re kar\u015f\u0131 sava\u015f\u0131nda Tunus halk\u0131n\u0131n destekleyici tutumlar\u0131yla gurur duydu\u011funu kaydetti.<\/p>\n<p>Suriye ve Tunus aras\u0131ndaki ili\u015fkilerin olmas\u0131 gerekti\u011fi d\u00fczeyin alt\u0131nda kalmas\u0131n\u0131n hi\u00e7bir ge\u00e7erli nedeni olmad\u0131\u011f\u0131na vurgu yapan Mikdat; bunun ayn\u0131 zamanda iki karde\u015f \u00fclke aras\u0131ndaki ili\u015fkilerin normale d\u00f6nmesi ve muhtelif alanlarda geli\u015fmesini isteyen Tunus halk\u0131n\u0131n iradesiyle de \u00e7eli\u015fti\u011fini kaydetti.<\/p>\n<p>Tunuslu konuk heyet ba\u015fkan\u0131 Adil Bin Sumayda; Tunus halk\u0131n\u0131n karde\u015f olarak nitelendirdi\u011fi Suriye&#8217;yi destekledi\u011fini, Suriye ordusunun son olarak Halep\u2019i kurtarmas\u0131n\u0131n yan\u0131 s\u0131ra radikal ter\u00f6re kar\u015f\u0131 ba\u015far\u0131 ve zaferleriyle de b\u00fcy\u00fck bir gurur duydu\u011funu vurgulad\u0131.<\/p>\n<p>Bin Sumayda, olaylar\u0131n ba\u015flad\u0131\u011f\u0131 ilk anlardan beri direni\u015f ekseninin \u00f6nemli bir ekseni olmas\u0131 itibar\u0131yla Suriye&#8217;yi hedef alan d\u0131\u015f plan ve komplolar\u0131n tehlikesine kar\u015f\u0131 uyar\u0131da ulundu\u011funa i\u015faret etti.<\/p>\n<p>Bin Sumayda Suriye&#8217;ye ziyaretten amac\u0131n Suriye ile dayan\u0131\u015fmalar\u0131n\u0131 ifade etmekle birlikte medyada \u00e7arp\u0131t\u0131lan ger\u00e7eklerin de\u015fifre edilmesine katk\u0131da bulunmak oldu\u011funu belirtti.<\/p>\n","protected":false},"excerpt":{"rendered":"<p>\u015eAM &#8211; D\u0131\u015fi\u015fleri ve Gurbet\u00e7iler Bakan Yard\u0131mc\u0131s\u0131 Faysal Mikdat, bug\u00fcn \u00f6\u011fleden sonra Tunus\u2019ta Direni\u015fe Destek, Siyonizm ve \u0130srail ile \u0130li\u015fkileri Normalle\u015ftirmekle M\u00fccadele Komite heyetini kabul etti. G\u00f6r\u00fc\u015fmede D\u0131\u015fi\u015fleri ve Gurbet\u00e7iler Bakan Yard\u0131mc\u0131s\u0131 Mikdat, Suriye ve Tunus\u2019ta karde\u015f halklar aras\u0131ndaki tarihi ili\u015fkiler ve ba\u011flar\u0131n derinli\u011fine ifade etti. Mikdat Suriye&#8217;nin h\u00fck\u00fcmet ve hal olarak, alt\u0131 y\u0131la yak\u0131n &hellip;<\/p>\n","protected":false},"author":1,"featured_media":103462,"comment_status":"closed","ping_status":"closed","sticky":false,"template":"","format":"standard","meta":{"footnotes":""},"categories":[479,17988,478],"tags":[25524,27191,27190,27189,27188],"class_list":["post-103461","post","type-post","status-publish","format-standard","has-post-thumbnail","","category-haberler-yerel","category-son-haberler","category-yerel","tag-disisleri-ve-gurbetciler-bakan-yardimcisi-faysal-mikdat","tag-suriye-ve-tunus-arasindaki-iliskiler","tag-suriye-ve-tunusta-kardes-halklar-arasindaki-tarihi-iliskiler","tag-tunusta-direnise-destek","tag-tunuslu-heyet-suriye-ordusunun-zaferleriyle-gurur-duyuyoruz"],"_links":{"self":[{"href":"https:\/\/archive.sana.sy\/tr\/index.php?rest_route=\/wp\/v2\/posts\/103461","targetHints":{"allow":["GET"]}}],"collection":[{"href":"https:\/\/archive.sana.sy\/tr\/index.php?rest_route=\/wp\/v2\/posts"}],"about":[{"href":"https:\/\/archive.sana.sy\/tr\/index.php?rest_route=\/wp\/v2\/types\/post"}],"author":[{"embeddable":true,"href":"https:\/\/archive.sana.sy\/tr\/index.php?rest_route=\/wp\/v2\/users\/1"}],"replies":[{"embeddable":true,"href":"https:\/\/archive.sana.sy\/tr\/index.php?rest_route=%2Fwp%2Fv2%2Fcomments&post=103461"}],"version-history":[{"count":0,"href":"https:\/\/archive.sana.sy\/tr\/index.php?rest_route=\/wp\/v2\/posts\/103461\/revisions"}],"wp:featuredmedia":[{"embeddable":true,"href":"https:\/\/archive.sana.sy\/tr\/index.php?rest_route=\/wp\/v2\/media\/103462"}],"wp:attachment":[{"href":"https:\/\/archive.sana.sy\/tr\/index.php?rest_route=%2Fwp%2Fv2%2Fmedia&parent=103461"}],"wp:term":[{"taxonomy":"category","embeddable":true,"href":"https:\/\/archive.sana.sy\/tr\/index.php?rest_route=%2Fwp%2Fv2%2Fcategories&post=103461"},{"taxonomy":"post_tag","embeddable":true,"href":"https:\/\/archive.sana.sy\/tr\/index.php?rest_route=%2Fwp%2Fv2%2Ftags&post=103461"}],"curies":[{"name":"wp","href":"https:\/\/api.w.org\/{rel}","templated":true}]}}