{"id":103464,"date":"2017-01-31T20:00:05","date_gmt":"2017-01-31T18:00:05","guid":{"rendered":"http:\/\/www.sana.sy\/tr\/?p=103464"},"modified":"2017-02-01T14:25:52","modified_gmt":"2017-02-01T12:25:52","slug":"kabine-gundeminde-yer-alan-bir-dizi-karari-tartisip-onayladi","status":"publish","type":"post","link":"https:\/\/archive.sana.sy\/tr\/?p=103464","title":{"rendered":"Kabine, G\u00fcndeminde Yer Alan Bir Dizi Karar\u0131 Tart\u0131\u015f\u0131p Onaylad\u0131"},"content":{"rendered":"<p>\u015eAM \u2013 Kabine bug\u00fcn ba\u015fkan\u0131 \u0130mad Hamis ba\u015fkanl\u0131\u011f\u0131nda d\u00fczenledi\u011fi haftal\u0131k ola\u011fan toplant\u0131s\u0131nda g\u00fcndemine yer alan bir dizi karar\u0131 tart\u0131\u015f\u0131p bir k\u0131sm\u0131n\u0131 karara ba\u011flad\u0131.<\/p>\n<p>Sosyal sigortalar kurumu abonesi i\u015fverenlerin gecikmi\u015f \u00f6deme cezalar\u0131 ve faizlerinden muaf tutulmalar\u0131n\u0131 \u00f6ng\u00f6ren karar tasar\u0131s\u0131n\u0131n onayland\u0131\u011f\u0131 oturumda; sanayici ve \u00fcreticilere tolerans ve te\u015fvik niteli\u011fi ta\u015f\u0131yan bir dizi icraat\u0131n al\u0131nmas\u0131n\u0131 \u00f6ng\u00f6ren karar tasar\u0131s\u0131 onayland\u0131.<\/p>\n<p>Oturumda Yeniden \u0130mar Komisyonunun \u00f6nerisi \u00fczerine \u015eam k\u0131rsal\u0131n\u0131n g\u00fcneybat\u0131s\u0131 Dareyya Kasabas\u0131nda onar\u0131m \u00e7al\u0131\u015fmalar\u0131 i\u00e7in ek bir milyar daha b\u00fct\u00e7enin ayr\u0131lmas\u0131 karar\u0131n\u0131 onayland\u0131.<\/p>\n<p>Yerel \u0130dare ve \u00c7evre Bakan\u0131 H\u00fcseyin Mahluf ise bakanl\u0131\u011f\u0131n 2016 y\u0131l\u0131 \u00e7al\u0131\u015fmalar\u0131na ili\u015fkin ayr\u0131nt\u0131l\u0131 bir raporu kabine \u00fcyelerine aktard\u0131.<\/p>\n<p>Yat\u0131r\u0131m projeleri ve hayata ge\u00e7irilme \u00e7al\u0131\u015fmalar\u0131n\u0131n ele al\u0131nd\u0131\u011f\u0131 oturumda; bu projelerin h\u0131zland\u0131r\u0131lmas\u0131 amac\u0131yla bir dizi icraat\u0131n al\u0131nmas\u0131 ve yat\u0131r\u0131mc\u0131lara kolayl\u0131klar\u0131n sunulmas\u0131 karar\u0131 al\u0131nd\u0131.<\/p>\n","protected":false},"excerpt":{"rendered":"<p>\u015eAM \u2013 Kabine bug\u00fcn ba\u015fkan\u0131 \u0130mad Hamis ba\u015fkanl\u0131\u011f\u0131nda d\u00fczenledi\u011fi haftal\u0131k ola\u011fan toplant\u0131s\u0131nda g\u00fcndemine yer alan bir dizi karar\u0131 tart\u0131\u015f\u0131p bir k\u0131sm\u0131n\u0131 karara ba\u011flad\u0131. Sosyal sigortalar kurumu abonesi i\u015fverenlerin gecikmi\u015f \u00f6deme cezalar\u0131 ve faizlerinden muaf tutulmalar\u0131n\u0131 \u00f6ng\u00f6ren karar tasar\u0131s\u0131n\u0131n onayland\u0131\u011f\u0131 oturumda; sanayici ve \u00fcreticilere tolerans ve te\u015fvik niteli\u011fi ta\u015f\u0131yan bir dizi icraat\u0131n al\u0131nmas\u0131n\u0131 \u00f6ng\u00f6ren karar tasar\u0131s\u0131 &hellip;<\/p>\n","protected":false},"author":1,"featured_media":103465,"comment_status":"closed","ping_status":"closed","sticky":false,"template":"","format":"standard","meta":{"footnotes":""},"categories":[479,17988,478],"tags":[27192,17014,27193,27195,27194],"class_list":["post-103464","post","type-post","status-publish","format-standard","has-post-thumbnail","","category-haberler-yerel","category-son-haberler","category-yerel","tag-gundeminde-yer-alan-bir-dizi-karari-tartisip-onayladi","tag-kabine","tag-kabinenin-haftalik-olagan-toplantisi","tag-sosyal-sigortalar-kurumu","tag-yeniden-imar-komisyonunun-onerisi"],"_links":{"self":[{"href":"https:\/\/archive.sana.sy\/tr\/index.php?rest_route=\/wp\/v2\/posts\/103464","targetHints":{"allow":["GET"]}}],"collection":[{"href":"https:\/\/archive.sana.sy\/tr\/index.php?rest_route=\/wp\/v2\/posts"}],"about":[{"href":"https:\/\/archive.sana.sy\/tr\/index.php?rest_route=\/wp\/v2\/types\/post"}],"author":[{"embeddable":true,"href":"https:\/\/archive.sana.sy\/tr\/index.php?rest_route=\/wp\/v2\/users\/1"}],"replies":[{"embeddable":true,"href":"https:\/\/archive.sana.sy\/tr\/index.php?rest_route=%2Fwp%2Fv2%2Fcomments&post=103464"}],"version-history":[{"count":0,"href":"https:\/\/archive.sana.sy\/tr\/index.php?rest_route=\/wp\/v2\/posts\/103464\/revisions"}],"wp:featuredmedia":[{"embeddable":true,"href":"https:\/\/archive.sana.sy\/tr\/index.php?rest_route=\/wp\/v2\/media\/103465"}],"wp:attachment":[{"href":"https:\/\/archive.sana.sy\/tr\/index.php?rest_route=%2Fwp%2Fv2%2Fmedia&parent=103464"}],"wp:term":[{"taxonomy":"category","embeddable":true,"href":"https:\/\/archive.sana.sy\/tr\/index.php?rest_route=%2Fwp%2Fv2%2Fcategories&post=103464"},{"taxonomy":"post_tag","embeddable":true,"href":"https:\/\/archive.sana.sy\/tr\/index.php?rest_route=%2Fwp%2Fv2%2Ftags&post=103464"}],"curies":[{"name":"wp","href":"https:\/\/api.w.org\/{rel}","templated":true}]}}