{"id":103467,"date":"2017-01-31T17:30:49","date_gmt":"2017-01-31T15:30:49","guid":{"rendered":"http:\/\/www.sana.sy\/tr\/?p=103467"},"modified":"2017-02-01T14:22:57","modified_gmt":"2017-02-01T12:22:57","slug":"buyukelci-haberi-yalanladi","status":"publish","type":"post","link":"https:\/\/archive.sana.sy\/tr\/?p=103467","title":{"rendered":"B\u00fcy\u00fckel\u00e7i Haberi Yalanlad\u0131 (video)"},"content":{"rendered":"<p>\u015eAM \u2013 Sudan Cumhuriyetinin \u015eam B\u00fcy\u00fckel\u00e7isi Halit Ahmet Muhammed Ali, bir k\u0131s\u0131m medya ara\u00e7lar\u0131n\u0131n, Sudan\u2019\u0131n Suriyelilerden vize talep etti\u011fi y\u00f6n\u00fcndeki haberlerin asl\u0131 ger\u00e7e\u011fi olmad\u0131\u011f\u0131n\u0131 belirtti.<\/p>\n<p>B\u00fcy\u00fckel\u00e7i Muhammed Ali, Suriyelilerin Sudan\u2019a vizesiz giri\u015f yapmalar\u0131n\u0131n, Sudan Cumhurba\u015fkan\u0131 taraf\u0131ndan al\u0131nm\u0131\u015f bir karar olup bu karar\u0131 iptal etmenin sadece Sudan Cumhurba\u015fkan\u0131n\u0131n inisiyatifi oldu\u011funu ifade etti. Muhammed Ali Suriyelilere vize uygulanmas\u0131 i\u00e7in ne \u00fclkesinin D\u0131\u015fi\u015fleri Bakanl\u0131\u011f\u0131 ne de ba\u015fka hi\u00e7bir mevkiden talimat gelmedi\u011fini belirtti.<\/p>\n<p>Suriye&#8217;nin tarih boyunca Sudan dahil t\u00fcm milleti sevgiyle ve s\u0131cak bir kucakla kucaklad\u0131\u011f\u0131na dikkat \u00e7eken Sudan B\u00fcy\u00fckel\u00e7isi; bu ko\u015fullar i\u00e7inde Suriye&#8217;nin yan\u0131nda olman\u0131n bir vacip oldu\u011funu kaydetti. Sudan b\u00fcy\u00fckel\u00e7isi Suriye&#8217;nin ayr\u0131 yeten bir\u00e7ok konuda Sudan\u2019\u0131 destekledi\u011fini ve yan\u0131nda yer ald\u0131\u011f\u0131n\u0131, \u015fimdi de Sudan\u2019\u0131n karde\u015f Suriye&#8217;nin yan\u0131nda olmas\u0131 gerekti\u011fini kaydetti.<\/p>\n<p>Sudan\u2019da bulunan Suriyelilerin say\u0131s\u0131n\u0131n 250 ila 300 bin aras\u0131nda oldu\u011funu a\u00e7\u0131klayan Sudan B\u00fcy\u00fckel\u00e7isi, bunlar\u0131n \u00f6nemli bir b\u00f6l\u00fcm\u00fcn\u00fcn da i\u015f adam\u0131 olup Sudan\u2019da fabrika ya da i\u015fletme sahibi olduklar\u0131n\u0131 s\u00f6yledi.<\/p>\n<p>Sudan b\u00fcy\u00fckel\u00e7isi Suriye&#8217;yi hedef alan sava\u015f\u0131n, t\u00fcm b\u00f6lge \u00fclkelerini hedef alan sava\u015f\u0131n bir par\u00e7as\u0131 oldu\u011funa dikkat \u00e7ekerken, Sudan\u2019\u0131n mevcut ko\u015fullara ra\u011fmen Suriye ile ili\u015fkilerini muhtelif alanlarda geli\u015ftirmeye haz\u0131r oldu\u011funu belirtti.<\/p>\n<p>https:\/\/www.youtube.com\/watch?v=O4dpAbqZEjI<\/p>\n","protected":false},"excerpt":{"rendered":"<p>\u015eAM \u2013 Sudan Cumhuriyetinin \u015eam B\u00fcy\u00fckel\u00e7isi Halit Ahmet Muhammed Ali, bir k\u0131s\u0131m medya ara\u00e7lar\u0131n\u0131n, Sudan\u2019\u0131n Suriyelilerden vize talep etti\u011fi y\u00f6n\u00fcndeki haberlerin asl\u0131 ger\u00e7e\u011fi olmad\u0131\u011f\u0131n\u0131 belirtti. B\u00fcy\u00fckel\u00e7i Muhammed Ali, Suriyelilerin Sudan\u2019a vizesiz giri\u015f yapmalar\u0131n\u0131n, Sudan Cumhurba\u015fkan\u0131 taraf\u0131ndan al\u0131nm\u0131\u015f bir karar olup bu karar\u0131 iptal etmenin sadece Sudan Cumhurba\u015fkan\u0131n\u0131n inisiyatifi oldu\u011funu ifade etti. Muhammed Ali Suriyelilere vize &hellip;<\/p>\n","protected":false},"author":1,"featured_media":103468,"comment_status":"closed","ping_status":"closed","sticky":false,"template":"","format":"standard","meta":{"footnotes":""},"categories":[479,17988,478],"tags":[27196,27198,26068,23175,27199,27197],"class_list":["post-103467","post","type-post","status-publish","format-standard","has-post-thumbnail","","category-haberler-yerel","category-son-haberler","category-yerel","tag-buyukelci-haberi-yalanladi","tag-buyukelci-muhammed-ali","tag-halit-ahmet-muhammed-ali","tag-sudan-buyukelcisi","tag-sudan-buyukelcisi-suriyeyi-hedef-alan-savastan-soz-etti","tag-sudan-cumhuriyetinin-sam-buyukelcisi"],"_links":{"self":[{"href":"https:\/\/archive.sana.sy\/tr\/index.php?rest_route=\/wp\/v2\/posts\/103467","targetHints":{"allow":["GET"]}}],"collection":[{"href":"https:\/\/archive.sana.sy\/tr\/index.php?rest_route=\/wp\/v2\/posts"}],"about":[{"href":"https:\/\/archive.sana.sy\/tr\/index.php?rest_route=\/wp\/v2\/types\/post"}],"author":[{"embeddable":true,"href":"https:\/\/archive.sana.sy\/tr\/index.php?rest_route=\/wp\/v2\/users\/1"}],"replies":[{"embeddable":true,"href":"https:\/\/archive.sana.sy\/tr\/index.php?rest_route=%2Fwp%2Fv2%2Fcomments&post=103467"}],"version-history":[{"count":0,"href":"https:\/\/archive.sana.sy\/tr\/index.php?rest_route=\/wp\/v2\/posts\/103467\/revisions"}],"wp:featuredmedia":[{"embeddable":true,"href":"https:\/\/archive.sana.sy\/tr\/index.php?rest_route=\/wp\/v2\/media\/103468"}],"wp:attachment":[{"href":"https:\/\/archive.sana.sy\/tr\/index.php?rest_route=%2Fwp%2Fv2%2Fmedia&parent=103467"}],"wp:term":[{"taxonomy":"category","embeddable":true,"href":"https:\/\/archive.sana.sy\/tr\/index.php?rest_route=%2Fwp%2Fv2%2Fcategories&post=103467"},{"taxonomy":"post_tag","embeddable":true,"href":"https:\/\/archive.sana.sy\/tr\/index.php?rest_route=%2Fwp%2Fv2%2Ftags&post=103467"}],"curies":[{"name":"wp","href":"https:\/\/api.w.org\/{rel}","templated":true}]}}