{"id":103471,"date":"2017-01-31T16:00:15","date_gmt":"2017-01-31T14:00:15","guid":{"rendered":"http:\/\/www.sana.sy\/tr\/?p=103471"},"modified":"2017-02-01T14:25:48","modified_gmt":"2017-02-01T12:25:48","slug":"iyi-gunde-kotu-gunde-beraberiz","status":"publish","type":"post","link":"https:\/\/archive.sana.sy\/tr\/?p=103471","title":{"rendered":"\u0130yi G\u00fcnde K\u00f6t\u00fc G\u00fcnde Beraberiz"},"content":{"rendered":"<p>\u015eAM \u2013 Syria Tell \u015eirketi kahraman askerlerimizin kat\u0131l\u0131m\u0131yla daha \u00f6nce d\u00fczenledi\u011fi 3 toplu d\u00fc\u011f\u00fcnde 340 gelin ve damad\u0131 evlendirmesi ard\u0131ndan \u015fu an Halk Savunma G\u00fc\u00e7lerinden 120 gelin ve damad\u0131 evlendirmek i\u00e7in 4. Toplu d\u00fc\u011f\u00fcn\u00fcne haz\u0131rl\u0131k yap\u0131yor.<a href=\"http:\/\/www.sana.sy\/tr\/wp-content\/uploads\/2017\/01\/d\u00fc\u011f\u00fcn2.jpg\"><img loading=\"lazy\" decoding=\"async\" class=\"alignright wp-image-103473 size-medium\" src=\"http:\/\/www.sana.sy\/tr\/wp-content\/uploads\/2017\/01\/d\u00fc\u011f\u00fcn2-300x150.jpg\" width=\"300\" height=\"150\" srcset=\"https:\/\/archive.sana.sy\/tr\/wp-content\/uploads\/2017\/01\/d\u00fc\u011f\u00fcn2-300x150.jpg 300w, https:\/\/archive.sana.sy\/tr\/wp-content\/uploads\/2017\/01\/d\u00fc\u011f\u00fcn2-150x75.jpg 150w, https:\/\/archive.sana.sy\/tr\/wp-content\/uploads\/2017\/01\/d\u00fc\u011f\u00fcn2.jpg 660w\" sizes=\"auto, (max-width: 300px) 100vw, 300px\" \/><\/a><\/p>\n<p>Syria Tell \u015eirketi bu faaliyetleriyle; bir dizi b\u00f6lgenin ter\u00f6rden kurtar\u0131lmas\u0131 ve halk\u0131n\u0131n g\u00fcvenli\u011finin sa\u011flanmas\u0131na kat\u0131lan Halk Savunma G\u00fc\u00e7lerinden kahramanlar\u0131 \u00f6d\u00fcllendirme, iyi g\u00fcnde k\u00f6t\u00fc g\u00fcnde t\u00fcm Suriyelilerin bir oldu\u011fu mesaj\u0131n\u0131 d\u00fcnyaya vermeyi ama\u00e7l\u0131yor.<\/p>\n","protected":false},"excerpt":{"rendered":"<p>\u015eAM \u2013 Syria Tell \u015eirketi kahraman askerlerimizin kat\u0131l\u0131m\u0131yla daha \u00f6nce d\u00fczenledi\u011fi 3 toplu d\u00fc\u011f\u00fcnde 340 gelin ve damad\u0131 evlendirmesi ard\u0131ndan \u015fu an Halk Savunma G\u00fc\u00e7lerinden 120 gelin ve damad\u0131 evlendirmek i\u00e7in 4. Toplu d\u00fc\u011f\u00fcn\u00fcne haz\u0131rl\u0131k yap\u0131yor. Syria Tell \u015eirketi bu faaliyetleriyle; bir dizi b\u00f6lgenin ter\u00f6rden kurtar\u0131lmas\u0131 ve halk\u0131n\u0131n g\u00fcvenli\u011finin sa\u011flanmas\u0131na kat\u0131lan Halk Savunma G\u00fc\u00e7lerinden kahramanlar\u0131 &hellip;<\/p>\n","protected":false},"author":1,"featured_media":103472,"comment_status":"closed","ping_status":"closed","sticky":false,"template":"","format":"standard","meta":{"footnotes":""},"categories":[526,479,17988,525,478],"tags":[27203,27200,27201,27202,27204],"class_list":["post-103471","post","type-post","status-publish","format-standard","has-post-thumbnail","","category-haber-ve-raporlar","category-haberler-yerel","category-son-haberler","category-toplum","category-yerel","tag-halk-savunma-guclerinden-120-gelin-ve-damadi-evlendirmesi","tag-iyi-gunde-kotu-gunde-beraberiz","tag-syria-tell-sirketi","tag-syria-tell-sirketinin-faaliyetleri","tag-toplu-dugun"],"_links":{"self":[{"href":"https:\/\/archive.sana.sy\/tr\/index.php?rest_route=\/wp\/v2\/posts\/103471","targetHints":{"allow":["GET"]}}],"collection":[{"href":"https:\/\/archive.sana.sy\/tr\/index.php?rest_route=\/wp\/v2\/posts"}],"about":[{"href":"https:\/\/archive.sana.sy\/tr\/index.php?rest_route=\/wp\/v2\/types\/post"}],"author":[{"embeddable":true,"href":"https:\/\/archive.sana.sy\/tr\/index.php?rest_route=\/wp\/v2\/users\/1"}],"replies":[{"embeddable":true,"href":"https:\/\/archive.sana.sy\/tr\/index.php?rest_route=%2Fwp%2Fv2%2Fcomments&post=103471"}],"version-history":[{"count":0,"href":"https:\/\/archive.sana.sy\/tr\/index.php?rest_route=\/wp\/v2\/posts\/103471\/revisions"}],"wp:featuredmedia":[{"embeddable":true,"href":"https:\/\/archive.sana.sy\/tr\/index.php?rest_route=\/wp\/v2\/media\/103472"}],"wp:attachment":[{"href":"https:\/\/archive.sana.sy\/tr\/index.php?rest_route=%2Fwp%2Fv2%2Fmedia&parent=103471"}],"wp:term":[{"taxonomy":"category","embeddable":true,"href":"https:\/\/archive.sana.sy\/tr\/index.php?rest_route=%2Fwp%2Fv2%2Fcategories&post=103471"},{"taxonomy":"post_tag","embeddable":true,"href":"https:\/\/archive.sana.sy\/tr\/index.php?rest_route=%2Fwp%2Fv2%2Ftags&post=103471"}],"curies":[{"name":"wp","href":"https:\/\/api.w.org\/{rel}","templated":true}]}}