{"id":103495,"date":"2017-01-31T22:00:09","date_gmt":"2017-01-31T20:00:09","guid":{"rendered":"http:\/\/www.sana.sy\/tr\/?p=103495"},"modified":"2017-02-01T14:09:35","modified_gmt":"2017-02-01T12:09:35","slug":"ayn-fici-su-kaynaginda-onarim-calismalari-kesintisiz-devam-ediyor-video-2","status":"publish","type":"post","link":"https:\/\/archive.sana.sy\/tr\/?p=103495","title":{"rendered":"Ayn Fici Su Kayna\u011f\u0131nda Onar\u0131m \u00c7al\u0131\u015fmalar\u0131 Kesintisiz Devam Ediyor (video)"},"content":{"rendered":"<p>\u015eAM \u2013 Elektrik ve Su Kaynaklar\u0131 Bakanl\u0131klar\u0131na ba\u011fl\u0131 onar\u0131m ekipleri Ayn Fici Su Kayna\u011f\u0131n\u0131n ve Elektrik Santralinin onar\u0131m faaliyetlerini 4. g\u00fcnde h\u0131z kesmeden s\u00fcrd\u00fcr\u00fcyorlar.<\/p>\n<p><a href=\"http:\/\/www.sana.sy\/tr\/wp-content\/uploads\/2017\/02\/Ayn-Fici-1.jpg\"><img loading=\"lazy\" decoding=\"async\" class=\"alignright wp-image-103496 size-medium\" src=\"http:\/\/www.sana.sy\/tr\/wp-content\/uploads\/2017\/02\/Ayn-Fici-1-300x168.jpg\" width=\"300\" height=\"168\" srcset=\"https:\/\/archive.sana.sy\/tr\/wp-content\/uploads\/2017\/02\/Ayn-Fici-1-300x168.jpg 300w, https:\/\/archive.sana.sy\/tr\/wp-content\/uploads\/2017\/02\/Ayn-Fici-1-150x84.jpg 150w, https:\/\/archive.sana.sy\/tr\/wp-content\/uploads\/2017\/02\/Ayn-Fici-1.jpg 660w\" sizes=\"auto, (max-width: 300px) 100vw, 300px\" \/><\/a>Elektrik Da\u011f\u0131t\u0131m\u0131 Genel M\u00fcd\u00fcr\u00fc Abd\u00fclvahap el Hatip, Fici Su Kaygan\u0131nda bulunan elektrik santralinin b\u00fcy\u00fck bir hasar g\u00f6rm\u00fc\u015f oldu\u011funa i\u015faret ederek santralde bulunan b\u00fct\u00fcn kablo ve tahvil makinelerinin \u00f6zellikle de da\u011f\u0131t\u0131m a\u011flar\u0131n\u0131n tamamen tahrip edilmi\u015f oldu\u011funu belirtti.<\/p>\n<p>Hatip; onar\u0131m ekiplerinin, \u00e7al\u0131\u015fmalar\u0131 h\u0131z kesmeden s\u00fcrd\u00fcrd\u00fcklerine dikkat \u00e7ekerek santralin en k\u0131sa s\u00fcrede yeniden hizmete konulaca\u011f\u0131n\u0131 ifade etti.<\/p>\n<p><a href=\"http:\/\/www.sana.sy\/tr\/wp-content\/uploads\/2017\/02\/Ayn-Fici-2.jpg\"><img loading=\"lazy\" decoding=\"async\" class=\"alignright wp-image-103497 size-medium\" src=\"http:\/\/www.sana.sy\/tr\/wp-content\/uploads\/2017\/02\/Ayn-Fici-2-300x168.jpg\" width=\"300\" height=\"168\" srcset=\"https:\/\/archive.sana.sy\/tr\/wp-content\/uploads\/2017\/02\/Ayn-Fici-2-300x168.jpg 300w, https:\/\/archive.sana.sy\/tr\/wp-content\/uploads\/2017\/02\/Ayn-Fici-2-150x84.jpg 150w, https:\/\/archive.sana.sy\/tr\/wp-content\/uploads\/2017\/02\/Ayn-Fici-2.jpg 660w\" sizes=\"auto, (max-width: 300px) 100vw, 300px\" \/><\/a>Ayn Fici Belediye Ba\u015fkan\u0131 Usame el Amari, Su Kaynaklar\u0131 Bakanl\u0131\u011f\u0131na ba\u011fl\u0131 onar\u0131m ekiplerinin \u015eam Kentine su ula\u015ft\u0131rmak amac\u0131yla Elektrik Bakanl\u0131\u011f\u0131 ile i\u015fbirli\u011fi i\u00e7erisinde \u00e7al\u0131\u015fmalar\u0131n\u0131 s\u00fcrd\u00fcrd\u00fcklerini dile getirerek uzmanlar\u0131n Fici Su Kayna\u011f\u0131ndan gerekli inceleme ve tahlilleri yapt\u0131klar\u0131 ve suyun i\u00e7ime suyu olarak kullan\u0131lmas\u0131na engel herhangi bir durum bulunmad\u0131\u011f\u0131n\u0131 a\u00e7\u0131klad\u0131klar\u0131n\u0131 ekledi.<\/p>\n<p>Hat\u0131rlanaca\u011f\u0131 \u00fczere Suriye Arap Ordusu, Ayn Fici B\u00f6lgesinde bulunan ve b\u00fcy\u00fck \u00e7o\u011funlu\u011fu Nusra Cephesi Ter\u00f6r \u00f6rg\u00fct\u00fcne ba\u011fl\u0131 olan b\u00fct\u00fcn ter\u00f6ristleri \u00e7ember alt\u0131na ald\u0131ktan sonra t\u00fcm\u00fcn\u00fc etkisiz hale getirerek b\u00f6lgedeki kontrol\u00fc ele ge\u00e7irmi\u015fti.<\/p>\n<p>https:\/\/www.youtube.com\/watch?v=abjGOAYVt44<\/p>\n","protected":false},"excerpt":{"rendered":"<p>\u015eAM \u2013 Elektrik ve Su Kaynaklar\u0131 Bakanl\u0131klar\u0131na ba\u011fl\u0131 onar\u0131m ekipleri Ayn Fici Su Kayna\u011f\u0131n\u0131n ve Elektrik Santralinin onar\u0131m faaliyetlerini 4. g\u00fcnde h\u0131z kesmeden s\u00fcrd\u00fcr\u00fcyorlar. Elektrik Da\u011f\u0131t\u0131m\u0131 Genel M\u00fcd\u00fcr\u00fc Abd\u00fclvahap el Hatip, Fici Su Kaygan\u0131nda bulunan elektrik santralinin b\u00fcy\u00fck bir hasar g\u00f6rm\u00fc\u015f oldu\u011funa i\u015faret ederek santralde bulunan b\u00fct\u00fcn kablo ve tahvil makinelerinin \u00f6zellikle de da\u011f\u0131t\u0131m a\u011flar\u0131n\u0131n &hellip;<\/p>\n","protected":false},"author":1,"featured_media":103498,"comment_status":"closed","ping_status":"closed","sticky":false,"template":"","format":"standard","meta":{"footnotes":""},"categories":[479,17988,478],"tags":[27205],"class_list":["post-103495","post","type-post","status-publish","format-standard","has-post-thumbnail","","category-haberler-yerel","category-son-haberler","category-yerel","tag-ayn-fici-su-kaynaginda-onarim-calismalari-kesintisiz-devam-ediyor"],"_links":{"self":[{"href":"https:\/\/archive.sana.sy\/tr\/index.php?rest_route=\/wp\/v2\/posts\/103495","targetHints":{"allow":["GET"]}}],"collection":[{"href":"https:\/\/archive.sana.sy\/tr\/index.php?rest_route=\/wp\/v2\/posts"}],"about":[{"href":"https:\/\/archive.sana.sy\/tr\/index.php?rest_route=\/wp\/v2\/types\/post"}],"author":[{"embeddable":true,"href":"https:\/\/archive.sana.sy\/tr\/index.php?rest_route=\/wp\/v2\/users\/1"}],"replies":[{"embeddable":true,"href":"https:\/\/archive.sana.sy\/tr\/index.php?rest_route=%2Fwp%2Fv2%2Fcomments&post=103495"}],"version-history":[{"count":0,"href":"https:\/\/archive.sana.sy\/tr\/index.php?rest_route=\/wp\/v2\/posts\/103495\/revisions"}],"wp:featuredmedia":[{"embeddable":true,"href":"https:\/\/archive.sana.sy\/tr\/index.php?rest_route=\/wp\/v2\/media\/103498"}],"wp:attachment":[{"href":"https:\/\/archive.sana.sy\/tr\/index.php?rest_route=%2Fwp%2Fv2%2Fmedia&parent=103495"}],"wp:term":[{"taxonomy":"category","embeddable":true,"href":"https:\/\/archive.sana.sy\/tr\/index.php?rest_route=%2Fwp%2Fv2%2Fcategories&post=103495"},{"taxonomy":"post_tag","embeddable":true,"href":"https:\/\/archive.sana.sy\/tr\/index.php?rest_route=%2Fwp%2Fv2%2Ftags&post=103495"}],"curies":[{"name":"wp","href":"https:\/\/api.w.org\/{rel}","templated":true}]}}