{"id":103501,"date":"2017-01-31T22:30:23","date_gmt":"2017-01-31T20:30:23","guid":{"rendered":"http:\/\/www.sana.sy\/tr\/?p=103501"},"modified":"2017-02-01T14:14:44","modified_gmt":"2017-02-01T12:14:44","slug":"syria-mod-fuariyla-ilgili-hazirliklar-devam-ediyor-2","status":"publish","type":"post","link":"https:\/\/archive.sana.sy\/tr\/?p=103501","title":{"rendered":"Syria Mod Fuar\u0131yla \u0130lgili Haz\u0131rl\u0131klar Devam Ediyor"},"content":{"rendered":"<p>\u015eAM \u2013 Suriye Konfeksiyon ve Tekstil \u0130hracat\u00e7\u0131lar\u0131 Derne\u011fi, \u00f6n\u00fcm\u00fczdeki Cuma g\u00fcn\u00fc L\u00fcbnan\u2019\u0131n Ba\u015fkenti Beyrut\u2019ta Uluslararas\u0131 Fuar Merkezinde d\u00fczenlenecek olan Syria Mod Konfeksiyon ve Tekstil Fuar\u0131yla ilgili haz\u0131rl\u0131klar\u0131na devam ediyor.<\/p>\n<p>\u00dc\u00e7 g\u00fcn s\u00fcrmesi planlanan fuara konfeksiyon ve tekstil alan\u0131nda m\u00fctehass\u0131s Suriyeli 125 \u015firket ge\u00e7ti\u011fimiz d\u00f6nemlere nazaran %25 \u00fcretim fazlas\u0131yla kat\u0131larak \u00fcr\u00fcnlerini tan\u0131tacak.<\/p>\n<p>\u0130hracat\u00e7\u0131lar Birli\u011fine Ba\u011fl\u0131 Tekstil Derne\u011fi Ba\u015fkan\u0131 Firas Takaddin; kat\u0131l\u0131mc\u0131 \u015firketlerin \u00fcretimlerini artt\u0131rm\u0131\u015f olmalar\u0131n\u0131n Suriye\u2019de tekstil sekt\u00f6r\u00fcn\u00fcn g\u00fcc\u00fcn\u00fc yans\u0131tt\u0131\u011f\u0131n\u0131 dile getirerek Suriyeli sanayicilerin \u00fcretime ve pazarlamaya b\u00fcy\u00fck bir \u00f6nem verdiklerini ve fuara kat\u0131lan her \u015firketin 10 ile 20 aras\u0131nda de\u011fi\u015fen \u00fcretim at\u00f6lyeleri bulundu\u011funu belirtti.<\/p>\n","protected":false},"excerpt":{"rendered":"<p>\u015eAM \u2013 Suriye Konfeksiyon ve Tekstil \u0130hracat\u00e7\u0131lar\u0131 Derne\u011fi, \u00f6n\u00fcm\u00fczdeki Cuma g\u00fcn\u00fc L\u00fcbnan\u2019\u0131n Ba\u015fkenti Beyrut\u2019ta Uluslararas\u0131 Fuar Merkezinde d\u00fczenlenecek olan Syria Mod Konfeksiyon ve Tekstil Fuar\u0131yla ilgili haz\u0131rl\u0131klar\u0131na devam ediyor. \u00dc\u00e7 g\u00fcn s\u00fcrmesi planlanan fuara konfeksiyon ve tekstil alan\u0131nda m\u00fctehass\u0131s Suriyeli 125 \u015firket ge\u00e7ti\u011fimiz d\u00f6nemlere nazaran %25 \u00fcretim fazlas\u0131yla kat\u0131larak \u00fcr\u00fcnlerini tan\u0131tacak. \u0130hracat\u00e7\u0131lar Birli\u011fine Ba\u011fl\u0131 Tekstil &hellip;<\/p>\n","protected":false},"author":1,"featured_media":103505,"comment_status":"closed","ping_status":"closed","sticky":false,"template":"","format":"standard","meta":{"footnotes":""},"categories":[485,486,479,17988,478],"tags":[27213],"class_list":["post-103501","post","type-post","status-publish","format-standard","has-post-thumbnail","","category-is-ve-sermaye","category-haberler-is-ve-sermaye","category-haberler-yerel","category-son-haberler","category-yerel","tag-syria-mod-fuariyla-ilgili-hazirliklar-devam-ediyor"],"_links":{"self":[{"href":"https:\/\/archive.sana.sy\/tr\/index.php?rest_route=\/wp\/v2\/posts\/103501","targetHints":{"allow":["GET"]}}],"collection":[{"href":"https:\/\/archive.sana.sy\/tr\/index.php?rest_route=\/wp\/v2\/posts"}],"about":[{"href":"https:\/\/archive.sana.sy\/tr\/index.php?rest_route=\/wp\/v2\/types\/post"}],"author":[{"embeddable":true,"href":"https:\/\/archive.sana.sy\/tr\/index.php?rest_route=\/wp\/v2\/users\/1"}],"replies":[{"embeddable":true,"href":"https:\/\/archive.sana.sy\/tr\/index.php?rest_route=%2Fwp%2Fv2%2Fcomments&post=103501"}],"version-history":[{"count":0,"href":"https:\/\/archive.sana.sy\/tr\/index.php?rest_route=\/wp\/v2\/posts\/103501\/revisions"}],"wp:featuredmedia":[{"embeddable":true,"href":"https:\/\/archive.sana.sy\/tr\/index.php?rest_route=\/wp\/v2\/media\/103505"}],"wp:attachment":[{"href":"https:\/\/archive.sana.sy\/tr\/index.php?rest_route=%2Fwp%2Fv2%2Fmedia&parent=103501"}],"wp:term":[{"taxonomy":"category","embeddable":true,"href":"https:\/\/archive.sana.sy\/tr\/index.php?rest_route=%2Fwp%2Fv2%2Fcategories&post=103501"},{"taxonomy":"post_tag","embeddable":true,"href":"https:\/\/archive.sana.sy\/tr\/index.php?rest_route=%2Fwp%2Fv2%2Ftags&post=103501"}],"curies":[{"name":"wp","href":"https:\/\/api.w.org\/{rel}","templated":true}]}}