{"id":103507,"date":"2017-02-01T09:00:49","date_gmt":"2017-02-01T07:00:49","guid":{"rendered":"http:\/\/www.sana.sy\/tr\/?p=103507"},"modified":"2017-02-02T20:25:13","modified_gmt":"2017-02-02T18:25:13","slug":"terorle-mucadele-surdurulmelidir","status":"publish","type":"post","link":"https:\/\/archive.sana.sy\/tr\/?p=103507","title":{"rendered":"Ter\u00f6rle M\u00fccadele S\u00fcrd\u00fcr\u00fclmelidir"},"content":{"rendered":"<p>NEW YORK \u2013 Birle\u015fmi\u015f Milletler G\u00fcvenlik Konseyi; Suriye&#8217;deki krizin siyasi \u00e7\u00f6z\u00fcm\u00fc amac\u0131yla 23-24 Ocak tarihlerinde Astana\u2019da Suriyeliler aras\u0131nda yap\u0131lan g\u00f6r\u00fc\u015fmelerin, krizin BM g\u00f6zetimi alt\u0131nda \u00e7\u00f6z\u00fcm\u00fc i\u00e7in Cenevre s\u00fcreci y\u00f6n\u00fcnde \u00f6nemli bir ad\u0131m te\u015fkil etti\u011fini belirtti.<\/p>\n<p>Rusya&#8217;n\u0131n takdim etti\u011fi ve BMGK\u2019nin d\u00fcn gece yay\u0131nlad\u0131\u011f\u0131 b\u00fcltende; konsey \u00fcyelerinin Suriyeliler aras\u0131ndaki siyasi g\u00f6r\u00fc\u015fmelerin en yak\u0131n zaman i\u00e7inde Cenevre&#8217;de yeniden ba\u015flat\u0131lmas\u0131n\u0131 istediklerini ve BM Suriye \u00f6zel temsilcisi Staffan de M\u0130stura\u2019n\u0131n bu y\u00f6ndeki \u00e7abalar\u0131n\u0131 destekledi\u011fi kaydedildi. B\u00fcltende BMGK \u00fcyelerinin Suriyeli t\u00fcm taraflar\u0131 bu g\u00f6r\u00fc\u015fmelere herhangi bir \u00f6nko\u015ful olmaks\u0131z\u0131n iyi niyetle kat\u0131lmalar\u0131na \u00e7a\u011f\u0131rd\u0131klar\u0131 kaydedildi.<\/p>\n<p>BMGK b\u00fclteninde ayr\u0131ca Suriye&#8217;de \u00e7at\u0131\u015fmalar\u0131n durdurulmas\u0131 anla\u015fmas\u0131n\u0131n devam etmesine e\u015f zamanl\u0131 olarak ter\u00f6r \u00f6rg\u00fctlere kar\u015f\u0131 sava\u015f\u0131n s\u00fcrd\u00fcr\u00fclmesi gere\u011finin alt\u0131 \u00e7izildi.<\/p>\n","protected":false},"excerpt":{"rendered":"<p>NEW YORK \u2013 Birle\u015fmi\u015f Milletler G\u00fcvenlik Konseyi; Suriye&#8217;deki krizin siyasi \u00e7\u00f6z\u00fcm\u00fc amac\u0131yla 23-24 Ocak tarihlerinde Astana\u2019da Suriyeliler aras\u0131nda yap\u0131lan g\u00f6r\u00fc\u015fmelerin, krizin BM g\u00f6zetimi alt\u0131nda \u00e7\u00f6z\u00fcm\u00fc i\u00e7in Cenevre s\u00fcreci y\u00f6n\u00fcnde \u00f6nemli bir ad\u0131m te\u015fkil etti\u011fini belirtti. Rusya&#8217;n\u0131n takdim etti\u011fi ve BMGK\u2019nin d\u00fcn gece yay\u0131nlad\u0131\u011f\u0131 b\u00fcltende; konsey \u00fcyelerinin Suriyeliler aras\u0131ndaki siyasi g\u00f6r\u00fc\u015fmelerin en yak\u0131n zaman i\u00e7inde Cenevre&#8217;de &hellip;<\/p>\n","protected":false},"author":1,"featured_media":103515,"comment_status":"closed","ping_status":"closed","sticky":false,"template":"","format":"standard","meta":{"footnotes":""},"categories":[458,459,17988],"tags":[27219,27218,27217],"class_list":["post-103507","post","type-post","status-publish","format-standard","has-post-thumbnail","","category-dunya1","category-haberler-arap-uluslararasi-politika","category-son-haberler","tag-krizin-bm-gozetimi-altinda-cozumu-icin-cenevre-sureci-yonunde-onemli-bir-adim-teskil-ettigini-belirtti","tag-new-york-birlesmis-milletler-guvenlik-konseyi-suriyedeki-krizin-siyasi-cozumu-amaciyla-23-24-ocak-tarihlerinde-astanada-suriyeliler-arasinda-yapilan-gorusmelerin","tag-terorle-mucadele-surdurulmelidir"],"_links":{"self":[{"href":"https:\/\/archive.sana.sy\/tr\/index.php?rest_route=\/wp\/v2\/posts\/103507","targetHints":{"allow":["GET"]}}],"collection":[{"href":"https:\/\/archive.sana.sy\/tr\/index.php?rest_route=\/wp\/v2\/posts"}],"about":[{"href":"https:\/\/archive.sana.sy\/tr\/index.php?rest_route=\/wp\/v2\/types\/post"}],"author":[{"embeddable":true,"href":"https:\/\/archive.sana.sy\/tr\/index.php?rest_route=\/wp\/v2\/users\/1"}],"replies":[{"embeddable":true,"href":"https:\/\/archive.sana.sy\/tr\/index.php?rest_route=%2Fwp%2Fv2%2Fcomments&post=103507"}],"version-history":[{"count":0,"href":"https:\/\/archive.sana.sy\/tr\/index.php?rest_route=\/wp\/v2\/posts\/103507\/revisions"}],"wp:featuredmedia":[{"embeddable":true,"href":"https:\/\/archive.sana.sy\/tr\/index.php?rest_route=\/wp\/v2\/media\/103515"}],"wp:attachment":[{"href":"https:\/\/archive.sana.sy\/tr\/index.php?rest_route=%2Fwp%2Fv2%2Fmedia&parent=103507"}],"wp:term":[{"taxonomy":"category","embeddable":true,"href":"https:\/\/archive.sana.sy\/tr\/index.php?rest_route=%2Fwp%2Fv2%2Fcategories&post=103507"},{"taxonomy":"post_tag","embeddable":true,"href":"https:\/\/archive.sana.sy\/tr\/index.php?rest_route=%2Fwp%2Fv2%2Ftags&post=103507"}],"curies":[{"name":"wp","href":"https:\/\/api.w.org\/{rel}","templated":true}]}}