{"id":103577,"date":"2017-02-01T22:00:50","date_gmt":"2017-02-01T20:00:50","guid":{"rendered":"http:\/\/www.sana.sy\/tr\/?p=103577"},"modified":"2017-02-02T20:23:06","modified_gmt":"2017-02-02T18:23:06","slug":"terorden-kacan-62-aile-dera-kentine-ulasti","status":"publish","type":"post","link":"https:\/\/archive.sana.sy\/tr\/?p=103577","title":{"rendered":"Ter\u00f6rden Ka\u00e7an 62 Aile Dera Kentine Ula\u015ft\u0131"},"content":{"rendered":"<p>DERA \u2013 Dera K\u0131rsal\u0131n\u0131n bat\u0131 kesiminde tekfirci I\u015e\u0130D ter\u00f6r\u00fcnden ka\u00e7an 62 aile ge\u00e7ti\u011fimiz g\u00fcnlerde Dera kentine ula\u015ft\u0131.<\/p>\n<p><a href=\"http:\/\/www.sana.sy\/tr\/wp-content\/uploads\/2017\/02\/2-5.jpg\"><img loading=\"lazy\" decoding=\"async\" class=\"alignright wp-image-103579 \" src=\"http:\/\/www.sana.sy\/tr\/wp-content\/uploads\/2017\/02\/2-5-300x225.jpg\" width=\"256\" height=\"192\" srcset=\"https:\/\/archive.sana.sy\/tr\/wp-content\/uploads\/2017\/02\/2-5-300x225.jpg 300w, https:\/\/archive.sana.sy\/tr\/wp-content\/uploads\/2017\/02\/2-5-150x113.jpg 150w, https:\/\/archive.sana.sy\/tr\/wp-content\/uploads\/2017\/02\/2-5.jpg 660w\" sizes=\"auto, (max-width: 256px) 100vw, 256px\" \/><\/a>SANA muhabiri ilgili kurumlar\u0131n Dera kentinde ter\u00f6r ma\u011fdurlar\u0131 i\u00e7in 36 ailelik bir ge\u00e7ici ikame merkezi kuruldu\u011funu geriye kalan ailelerin de akrabalar\u0131n\u0131n ve dostlar\u0131n\u0131n evlerine yerle\u015ftiklerini ifade ederek Dera Valili\u011fin b\u00fct\u00fcn ter\u00f6r ma\u011fduru aileleri bir arada tutacak ve yeni gelen aileleri de kapsayacak b\u00fcy\u00fckl\u00fckte yeni ikame merkezleri kurma \u00e7al\u0131\u015fmalar\u0131n\u0131 s\u00fcrd\u00fcrd\u00fc\u011f\u00fcn\u00fc belirtti.<\/p>\n<p>Suriye K\u0131z\u0131lay \u00d6rg\u00fct\u00fc Dera Ofisi Afet Dairesi Ba\u015fkan\u0131 Rafet Faluce, SANA\u2019ya yapt\u0131\u011f\u0131 a\u00e7\u0131klamada, Dera K\u0131rsal\u0131n\u0131n bat\u0131 kesiminden ter\u00f6rden ka\u00e7arak kent merkezine gelen ailelerin ula\u015ft\u0131klar\u0131 ilk saatlerden itibaren bar\u0131nma, g\u0131da ve sa\u011fl\u0131k gibi hizmetleri sunmaya ba\u015flad\u0131\u011f\u0131n\u0131 ifade ederek ayr\u0131ca Psikolojik Destek Ekibinin de ailelerle birebir ilgilenmeye devam etti\u011fini belirtti.<\/p>\n<p><a href=\"http:\/\/www.sana.sy\/tr\/wp-content\/uploads\/2017\/02\/4-3.jpg\"><img loading=\"lazy\" decoding=\"async\" class=\"alignright wp-image-103580 \" src=\"http:\/\/www.sana.sy\/tr\/wp-content\/uploads\/2017\/02\/4-3-300x225.jpg\" width=\"244\" height=\"183\" srcset=\"https:\/\/archive.sana.sy\/tr\/wp-content\/uploads\/2017\/02\/4-3-300x225.jpg 300w, https:\/\/archive.sana.sy\/tr\/wp-content\/uploads\/2017\/02\/4-3-150x113.jpg 150w, https:\/\/archive.sana.sy\/tr\/wp-content\/uploads\/2017\/02\/4-3-768x576.jpg 768w, https:\/\/archive.sana.sy\/tr\/wp-content\/uploads\/2017\/02\/4-3-1024x768.jpg 1024w, https:\/\/archive.sana.sy\/tr\/wp-content\/uploads\/2017\/02\/4-3.jpg 1280w\" sizes=\"auto, (max-width: 244px) 100vw, 244px\" \/><\/a>K\u0131z\u0131lay Ofisinin her ter\u00f6r ma\u011fduru her vatanda\u015fa 8 adet battaniye ve yata\u011f\u0131n yan\u0131 s\u0131ra g\u0131da ve sa\u011fl\u0131k paketleri da\u011f\u0131t\u0131ld\u0131\u011f\u0131n\u0131 ifade eden Faluce; ter\u00f6r nedeniyle evlerini b\u0131rakarak ka\u00e7mak zorunda kalan ailelerin ac\u0131lar\u0131n\u0131 hafifletmek i\u00e7in ne gerekiyorsa yap\u0131laca\u011f\u0131n\u0131n alt\u0131n\u0131 \u00e7izdi.<\/p>\n<p>Bilinece\u011fi \u00fczere I\u015e\u0130D ter\u00f6r \u00f6rg\u00fct\u00fc Dera K\u0131rsal\u0131n\u0131n bat\u0131 kesiminde ku\u015fatt\u0131\u011f\u0131 b\u00f6lgelerde bulunan alileri b\u00fct\u00fcn ya\u015famsal kaynaklar\u0131ndan mahrum b\u0131rakman\u0131n yan\u0131 s\u0131ra Hukuk ve Psikolojik Dan\u0131\u015fmanl\u0131k Fak\u00fcltelerinde bulunan \u00f6\u011frencilerine katledilme ya da e\u011fitimlerini b\u0131rakma se\u00e7eneklerini dayatt\u0131.<\/p>\n","protected":false},"excerpt":{"rendered":"<p>DERA \u2013 Dera K\u0131rsal\u0131n\u0131n bat\u0131 kesiminde tekfirci I\u015e\u0130D ter\u00f6r\u00fcnden ka\u00e7an 62 aile ge\u00e7ti\u011fimiz g\u00fcnlerde Dera kentine ula\u015ft\u0131. SANA muhabiri ilgili kurumlar\u0131n Dera kentinde ter\u00f6r ma\u011fdurlar\u0131 i\u00e7in 36 ailelik bir ge\u00e7ici ikame merkezi kuruldu\u011funu geriye kalan ailelerin de akrabalar\u0131n\u0131n ve dostlar\u0131n\u0131n evlerine yerle\u015ftiklerini ifade ederek Dera Valili\u011fin b\u00fct\u00fcn ter\u00f6r ma\u011fduru aileleri bir arada tutacak ve yeni &hellip;<\/p>\n","protected":false},"author":1,"featured_media":103578,"comment_status":"closed","ping_status":"closed","sticky":false,"template":"","format":"standard","meta":{"footnotes":""},"categories":[479,17988,478],"tags":[2515,27240,19174,22182,27239],"class_list":["post-103577","post","type-post","status-publish","format-standard","has-post-thumbnail","","category-haberler-yerel","category-son-haberler","category-yerel","tag-isid-teror-orgutu","tag-suriye-kizilay-orgutu-dera-ofisi-afet-dairesi-baskani-rafet-faluce","tag-suriyede-son-durumlar","tag-suriyede-savas","tag-terorden-kacan-62-aile-dera-kentine-ulasti"],"_links":{"self":[{"href":"https:\/\/archive.sana.sy\/tr\/index.php?rest_route=\/wp\/v2\/posts\/103577","targetHints":{"allow":["GET"]}}],"collection":[{"href":"https:\/\/archive.sana.sy\/tr\/index.php?rest_route=\/wp\/v2\/posts"}],"about":[{"href":"https:\/\/archive.sana.sy\/tr\/index.php?rest_route=\/wp\/v2\/types\/post"}],"author":[{"embeddable":true,"href":"https:\/\/archive.sana.sy\/tr\/index.php?rest_route=\/wp\/v2\/users\/1"}],"replies":[{"embeddable":true,"href":"https:\/\/archive.sana.sy\/tr\/index.php?rest_route=%2Fwp%2Fv2%2Fcomments&post=103577"}],"version-history":[{"count":0,"href":"https:\/\/archive.sana.sy\/tr\/index.php?rest_route=\/wp\/v2\/posts\/103577\/revisions"}],"wp:featuredmedia":[{"embeddable":true,"href":"https:\/\/archive.sana.sy\/tr\/index.php?rest_route=\/wp\/v2\/media\/103578"}],"wp:attachment":[{"href":"https:\/\/archive.sana.sy\/tr\/index.php?rest_route=%2Fwp%2Fv2%2Fmedia&parent=103577"}],"wp:term":[{"taxonomy":"category","embeddable":true,"href":"https:\/\/archive.sana.sy\/tr\/index.php?rest_route=%2Fwp%2Fv2%2Fcategories&post=103577"},{"taxonomy":"post_tag","embeddable":true,"href":"https:\/\/archive.sana.sy\/tr\/index.php?rest_route=%2Fwp%2Fv2%2Ftags&post=103577"}],"curies":[{"name":"wp","href":"https:\/\/api.w.org\/{rel}","templated":true}]}}