{"id":103582,"date":"2017-02-01T22:30:38","date_gmt":"2017-02-01T20:30:38","guid":{"rendered":"http:\/\/www.sana.sy\/tr\/?p=103582"},"modified":"2017-02-02T20:23:02","modified_gmt":"2017-02-02T18:23:02","slug":"aylik-alisveris-fuari-ureticiyle-tuketiciyi-bulusturuyor","status":"publish","type":"post","link":"https:\/\/archive.sana.sy\/tr\/?p=103582","title":{"rendered":"Ayl\u0131k Al\u0131\u015fveri\u015f Fuar\u0131 \u00dcreticiyle T\u00fcketiciyi Bulu\u015fturuyor"},"content":{"rendered":"<p>TARTUS \u2013 \u015eam ve \u015eam K\u0131rsal\u0131 Sanayi Odas\u0131n\u0131n 110 \u015firketin kat\u0131l\u0131m\u0131yla \u201cSuriye\u2019de Sanayi\u201d ba\u015fl\u0131kl\u0131 Ayl\u0131k Al\u0131\u015fveri\u015f Fuar\u0131 Tartus Spor Salonunda faaliyetlerine ba\u015flad\u0131.<\/p>\n<p><a href=\"http:\/\/www.sana.sy\/tr\/wp-content\/uploads\/2017\/02\/2-6.jpg\"><img loading=\"lazy\" decoding=\"async\" class=\"alignright wp-image-103585 size-medium\" src=\"http:\/\/www.sana.sy\/tr\/wp-content\/uploads\/2017\/02\/2-6-300x168.jpg\" width=\"300\" height=\"168\" srcset=\"https:\/\/archive.sana.sy\/tr\/wp-content\/uploads\/2017\/02\/2-6-300x168.jpg 300w, https:\/\/archive.sana.sy\/tr\/wp-content\/uploads\/2017\/02\/2-6-150x84.jpg 150w, https:\/\/archive.sana.sy\/tr\/wp-content\/uploads\/2017\/02\/2-6.jpg 660w\" sizes=\"auto, (max-width: 300px) 100vw, 300px\" \/><\/a>7 \u015eubat tarihine kadar s\u00fcrmesi planlanan Ayl\u0131k Al\u0131\u015fveri\u015f Fuar\u0131; g\u0131da, giyim ve temizlik malzemeleri ba\u015fta olmak \u00fczere yerel sanayi \u00fcr\u00fcnlerinden geni\u015f bir \u00fcr\u00fcn yelpazesini t\u00fcketiciye %50 ye kadar ula\u015fan indirimlerle sunmay\u0131 ama\u00e7l\u0131yor.<\/p>\n<p>Tartus Valisi Safvan Ebu Saadi, Ayl\u0131k Al\u0131\u015fveri\u015f Fuar\u0131n\u0131n vatanda\u015f\u0131n y\u00fck\u00fcn\u00fc hafifletme giri\u015fimleri kapsam\u0131nda d\u00fczenlendi\u011fine i\u015faret ederek yerel sanayi \u00fcr\u00fcnlerini \u00fcreticiden direk t\u00fcketiciye sunman\u0131n ham maliyeti d\u00fc\u015f\u00fcrd\u00fc\u011f\u00fcn\u00fc belirtti.<br \/>\nSaadi, \u015eam ve \u015eam K\u0131rsal\u0131 Sanayi Odas\u0131n\u0131 ve b\u00fct\u00fcn kat\u0131l\u0131mc\u0131 \u015firketleri b\u00f6yle bir faaliyet d\u00fczenledikleri i\u00e7in tebrik etti.<\/p>\n<div id='gallery-1' class='gallery galleryid-103582 gallery-columns-2 gallery-size-medium'><figure class='gallery-item'>\n\t\t\t<div class='gallery-icon landscape'>\n\t\t\t\t<a href='https:\/\/archive.sana.sy\/tr\/wp-content\/uploads\/2017\/02\/1-7.jpg'><img loading=\"lazy\" decoding=\"async\" width=\"300\" height=\"150\" src=\"https:\/\/archive.sana.sy\/tr\/wp-content\/uploads\/2017\/02\/1-7-300x150.jpg\" class=\"attachment-medium size-medium\" alt=\"\" srcset=\"https:\/\/archive.sana.sy\/tr\/wp-content\/uploads\/2017\/02\/1-7-300x150.jpg 300w, https:\/\/archive.sana.sy\/tr\/wp-content\/uploads\/2017\/02\/1-7-150x75.jpg 150w, https:\/\/archive.sana.sy\/tr\/wp-content\/uploads\/2017\/02\/1-7.jpg 660w\" sizes=\"auto, (max-width: 300px) 100vw, 300px\" \/><\/a>\n\t\t\t<\/div><\/figure><figure class='gallery-item'>\n\t\t\t<div class='gallery-icon landscape'>\n\t\t\t\t<a href='https:\/\/archive.sana.sy\/tr\/wp-content\/uploads\/2017\/02\/3-4.jpg'><img loading=\"lazy\" decoding=\"async\" width=\"300\" height=\"200\" src=\"https:\/\/archive.sana.sy\/tr\/wp-content\/uploads\/2017\/02\/3-4-300x200.jpg\" class=\"attachment-medium size-medium\" alt=\"\" srcset=\"https:\/\/archive.sana.sy\/tr\/wp-content\/uploads\/2017\/02\/3-4-300x200.jpg 300w, https:\/\/archive.sana.sy\/tr\/wp-content\/uploads\/2017\/02\/3-4-150x100.jpg 150w, https:\/\/archive.sana.sy\/tr\/wp-content\/uploads\/2017\/02\/3-4-768x512.jpg 768w, https:\/\/archive.sana.sy\/tr\/wp-content\/uploads\/2017\/02\/3-4-1024x682.jpg 1024w, https:\/\/archive.sana.sy\/tr\/wp-content\/uploads\/2017\/02\/3-4.jpg 1280w\" sizes=\"auto, (max-width: 300px) 100vw, 300px\" \/><\/a>\n\t\t\t<\/div><\/figure><figure class='gallery-item'>\n\t\t\t<div class='gallery-icon landscape'>\n\t\t\t\t<a href='https:\/\/archive.sana.sy\/tr\/wp-content\/uploads\/2017\/02\/5-2.jpg'><img loading=\"lazy\" decoding=\"async\" width=\"300\" height=\"200\" src=\"https:\/\/archive.sana.sy\/tr\/wp-content\/uploads\/2017\/02\/5-2-300x200.jpg\" class=\"attachment-medium size-medium\" alt=\"\" srcset=\"https:\/\/archive.sana.sy\/tr\/wp-content\/uploads\/2017\/02\/5-2-300x200.jpg 300w, https:\/\/archive.sana.sy\/tr\/wp-content\/uploads\/2017\/02\/5-2-150x100.jpg 150w, https:\/\/archive.sana.sy\/tr\/wp-content\/uploads\/2017\/02\/5-2-768x512.jpg 768w, https:\/\/archive.sana.sy\/tr\/wp-content\/uploads\/2017\/02\/5-2-1024x682.jpg 1024w, https:\/\/archive.sana.sy\/tr\/wp-content\/uploads\/2017\/02\/5-2.jpg 1280w\" sizes=\"auto, (max-width: 300px) 100vw, 300px\" \/><\/a>\n\t\t\t<\/div><\/figure><figure class='gallery-item'>\n\t\t\t<div class='gallery-icon landscape'>\n\t\t\t\t<a href='https:\/\/archive.sana.sy\/tr\/wp-content\/uploads\/2017\/02\/6-1.jpg'><img loading=\"lazy\" decoding=\"async\" width=\"300\" height=\"200\" src=\"https:\/\/archive.sana.sy\/tr\/wp-content\/uploads\/2017\/02\/6-1-300x200.jpg\" class=\"attachment-medium size-medium\" alt=\"\" srcset=\"https:\/\/archive.sana.sy\/tr\/wp-content\/uploads\/2017\/02\/6-1-300x200.jpg 300w, https:\/\/archive.sana.sy\/tr\/wp-content\/uploads\/2017\/02\/6-1-150x100.jpg 150w, https:\/\/archive.sana.sy\/tr\/wp-content\/uploads\/2017\/02\/6-1-768x512.jpg 768w, https:\/\/archive.sana.sy\/tr\/wp-content\/uploads\/2017\/02\/6-1-1024x682.jpg 1024w, https:\/\/archive.sana.sy\/tr\/wp-content\/uploads\/2017\/02\/6-1.jpg 1280w\" sizes=\"auto, (max-width: 300px) 100vw, 300px\" \/><\/a>\n\t\t\t<\/div><\/figure>\n\t\t<\/div>\n\n","protected":false},"excerpt":{"rendered":"<p>TARTUS \u2013 \u015eam ve \u015eam K\u0131rsal\u0131 Sanayi Odas\u0131n\u0131n 110 \u015firketin kat\u0131l\u0131m\u0131yla \u201cSuriye\u2019de Sanayi\u201d ba\u015fl\u0131kl\u0131 Ayl\u0131k Al\u0131\u015fveri\u015f Fuar\u0131 Tartus Spor Salonunda faaliyetlerine ba\u015flad\u0131. 7 \u015eubat tarihine kadar s\u00fcrmesi planlanan Ayl\u0131k Al\u0131\u015fveri\u015f Fuar\u0131; g\u0131da, giyim ve temizlik malzemeleri ba\u015fta olmak \u00fczere yerel sanayi \u00fcr\u00fcnlerinden geni\u015f bir \u00fcr\u00fcn yelpazesini t\u00fcketiciye %50 ye kadar ula\u015fan indirimlerle sunmay\u0131 ama\u00e7l\u0131yor. Tartus &hellip;<\/p>\n","protected":false},"author":1,"featured_media":103583,"comment_status":"closed","ping_status":"closed","sticky":false,"template":"","format":"standard","meta":{"footnotes":""},"categories":[485,596,486,17988],"tags":[27241,27242,24182,25507],"class_list":["post-103582","post","type-post","status-publish","format-standard","has-post-thumbnail","","category-is-ve-sermaye","category-fotografli-raporlar","category-haberler-is-ve-sermaye","category-son-haberler","tag-aylik-alisveris-fuari-ureticiyle-tuketiciyi-bulusturuyor","tag-sam-ve-sam-kirsali-sanayi-odasi","tag-suriyede-ekonomi","tag-suriyede-ekonominin-durumu"],"_links":{"self":[{"href":"https:\/\/archive.sana.sy\/tr\/index.php?rest_route=\/wp\/v2\/posts\/103582","targetHints":{"allow":["GET"]}}],"collection":[{"href":"https:\/\/archive.sana.sy\/tr\/index.php?rest_route=\/wp\/v2\/posts"}],"about":[{"href":"https:\/\/archive.sana.sy\/tr\/index.php?rest_route=\/wp\/v2\/types\/post"}],"author":[{"embeddable":true,"href":"https:\/\/archive.sana.sy\/tr\/index.php?rest_route=\/wp\/v2\/users\/1"}],"replies":[{"embeddable":true,"href":"https:\/\/archive.sana.sy\/tr\/index.php?rest_route=%2Fwp%2Fv2%2Fcomments&post=103582"}],"version-history":[{"count":0,"href":"https:\/\/archive.sana.sy\/tr\/index.php?rest_route=\/wp\/v2\/posts\/103582\/revisions"}],"wp:featuredmedia":[{"embeddable":true,"href":"https:\/\/archive.sana.sy\/tr\/index.php?rest_route=\/wp\/v2\/media\/103583"}],"wp:attachment":[{"href":"https:\/\/archive.sana.sy\/tr\/index.php?rest_route=%2Fwp%2Fv2%2Fmedia&parent=103582"}],"wp:term":[{"taxonomy":"category","embeddable":true,"href":"https:\/\/archive.sana.sy\/tr\/index.php?rest_route=%2Fwp%2Fv2%2Fcategories&post=103582"},{"taxonomy":"post_tag","embeddable":true,"href":"https:\/\/archive.sana.sy\/tr\/index.php?rest_route=%2Fwp%2Fv2%2Ftags&post=103582"}],"curies":[{"name":"wp","href":"https:\/\/api.w.org\/{rel}","templated":true}]}}