{"id":103591,"date":"2017-02-01T23:00:36","date_gmt":"2017-02-01T21:00:36","guid":{"rendered":"http:\/\/www.sana.sy\/tr\/?p=103591"},"modified":"2017-02-02T20:22:56","modified_gmt":"2017-02-02T18:22:56","slug":"ibrahim-onumuzdeki-aylarda-il-genelinde-ciddi-ilerleme-gorulecektir","status":"publish","type":"post","link":"https:\/\/archive.sana.sy\/tr\/?p=103591","title":{"rendered":"\u0130brahim: \u00d6n\u00fcm\u00fczdeki Aylarda \u0130l Genelinde Ciddi \u0130lerleme G\u00f6r\u00fclecektir (Video)"},"content":{"rendered":"<p><a href=\"http:\/\/www.sana.sy\/tr\/wp-content\/uploads\/2017\/02\/11.jpg\"><img loading=\"lazy\" decoding=\"async\" class=\"alignright wp-image-103593 \" src=\"http:\/\/www.sana.sy\/tr\/wp-content\/uploads\/2017\/02\/11-300x150.jpg\" width=\"268\" height=\"134\" srcset=\"https:\/\/archive.sana.sy\/tr\/wp-content\/uploads\/2017\/02\/11-300x150.jpg 300w, https:\/\/archive.sana.sy\/tr\/wp-content\/uploads\/2017\/02\/11-150x75.jpg 150w, https:\/\/archive.sana.sy\/tr\/wp-content\/uploads\/2017\/02\/11.jpg 660w\" sizes=\"auto, (max-width: 268px) 100vw, 268px\" \/><\/a>\u015eAM KIRSALI \u2013 \u015eam \u00c7evre Kent Valisi Ala \u0130brahim, \u00f6n\u00fcm\u00fczdeki aylarda b\u00fct\u00fcn \u015eam k\u0131rsal\u0131 genelinde b\u00fct\u00fcn alanlarda olumlu geli\u015fmeler olaca\u011f\u0131n\u0131 belirtirken, bu b\u00f6lgelerde yerel uzla\u015fma \u00e7al\u0131\u015fmalar\u0131n\u0131n devam etti\u011fini, yak\u0131n bir zamanda Do\u011fu \u011euta B\u00f6lgesinin bir\u00e7ok beldesinde \u00f6nemli sonu\u00e7lara ula\u015f\u0131laca\u011f\u0131na dair veriler bulundu\u011funu belirtti.<\/p>\n<p>2017 \u015eam \u00c7evre Kent \u0130l Meclisi ola\u011fan toplant\u0131s\u0131nda bir konu\u015fma yapan \u0130brahim; g\u00fcvenlik ve istikrar\u0131n sa\u011fland\u0131\u011f\u0131 b\u00f6lgelerde yeniden in\u015fa \u00e7al\u0131\u015fmalar\u0131n\u0131n ba\u015flam\u0131\u015f oldu\u011funa i\u015faret ederek bu b\u00f6lge ahalisinin evlerine yeniden d\u00f6nmeleri i\u00e7in gerekli haz\u0131rl\u0131klar\u0131n yap\u0131ld\u0131\u011f\u0131n\u0131 belirtti.<\/p>\n<p><a href=\"http:\/\/www.sana.sy\/tr\/wp-content\/uploads\/2017\/02\/13.jpg\"><img loading=\"lazy\" decoding=\"async\" class=\"alignright wp-image-103594 \" src=\"http:\/\/www.sana.sy\/tr\/wp-content\/uploads\/2017\/02\/13-300x169.jpg\" width=\"252\" height=\"142\" srcset=\"https:\/\/archive.sana.sy\/tr\/wp-content\/uploads\/2017\/02\/13-300x169.jpg 300w, https:\/\/archive.sana.sy\/tr\/wp-content\/uploads\/2017\/02\/13-150x84.jpg 150w, https:\/\/archive.sana.sy\/tr\/wp-content\/uploads\/2017\/02\/13-768x432.jpg 768w, https:\/\/archive.sana.sy\/tr\/wp-content\/uploads\/2017\/02\/13.jpg 1024w\" sizes=\"auto, (max-width: 252px) 100vw, 252px\" \/><\/a>\u015eam K\u0131rsal\u0131nda var olan b\u00fct\u00fcn problem ve s\u0131k\u0131nt\u0131lar\u0131n giderilmesi i\u00e7in b\u00fct\u00fcn b\u00f6lgelerde b\u00fct\u00fcnl\u00fckl\u00fc bir \u00e7al\u0131\u015fma program\u0131 haz\u0131rland\u0131\u011f\u0131na de\u011finen \u0130brahim; \u00f6n\u00fcm\u00fczdeki k\u0131sa s\u00fcre i\u00e7erisinde ba\u015fta elektrik hizmeti olmak \u00fczere b\u00fct\u00fcn alanlarda somut bir iyile\u015fme sa\u011flanaca\u011f\u0131n\u0131n alt\u0131n\u0131 \u00e7izdi.<\/p>\n<p>Toplant\u0131da ayr\u0131ca hizmet alanlar\u0131 m\u00fcd\u00fcrlerinin \u00e7al\u0131\u015fma alanlar\u0131yla ilgili anlat\u0131mlar\u0131n\u0131 dinleyen \u0130brahim; Belediyelerin \u00e7al\u0131\u015fmalar\u0131n\u0131n yak\u0131ndan takip edilmesi ve denetlenmesinin \u00f6nemini dile getirdi.<\/p>\n<p>https:\/\/www.youtube.com\/watch?v=rE-sBLDQZfA<\/p>\n","protected":false},"excerpt":{"rendered":"<p>\u015eAM KIRSALI \u2013 \u015eam \u00c7evre Kent Valisi Ala \u0130brahim, \u00f6n\u00fcm\u00fczdeki aylarda b\u00fct\u00fcn \u015eam k\u0131rsal\u0131 genelinde b\u00fct\u00fcn alanlarda olumlu geli\u015fmeler olaca\u011f\u0131n\u0131 belirtirken, bu b\u00f6lgelerde yerel uzla\u015fma \u00e7al\u0131\u015fmalar\u0131n\u0131n devam etti\u011fini, yak\u0131n bir zamanda Do\u011fu \u011euta B\u00f6lgesinin bir\u00e7ok beldesinde \u00f6nemli sonu\u00e7lara ula\u015f\u0131laca\u011f\u0131na dair veriler bulundu\u011funu belirtti. 2017 \u015eam \u00c7evre Kent \u0130l Meclisi ola\u011fan toplant\u0131s\u0131nda bir konu\u015fma yapan \u0130brahim; &hellip;<\/p>\n","protected":false},"author":1,"featured_media":103592,"comment_status":"closed","ping_status":"closed","sticky":false,"template":"","format":"standard","meta":{"footnotes":""},"categories":[479,17988,478],"tags":[26723,19174,22182,27243],"class_list":["post-103591","post","type-post","status-publish","format-standard","has-post-thumbnail","","category-haberler-yerel","category-son-haberler","category-yerel","tag-sam-kirsali-valisi-ala-ibrahim","tag-suriyede-son-durumlar","tag-suriyede-savas","tag-yerel-uzlasma-calismalari"],"_links":{"self":[{"href":"https:\/\/archive.sana.sy\/tr\/index.php?rest_route=\/wp\/v2\/posts\/103591","targetHints":{"allow":["GET"]}}],"collection":[{"href":"https:\/\/archive.sana.sy\/tr\/index.php?rest_route=\/wp\/v2\/posts"}],"about":[{"href":"https:\/\/archive.sana.sy\/tr\/index.php?rest_route=\/wp\/v2\/types\/post"}],"author":[{"embeddable":true,"href":"https:\/\/archive.sana.sy\/tr\/index.php?rest_route=\/wp\/v2\/users\/1"}],"replies":[{"embeddable":true,"href":"https:\/\/archive.sana.sy\/tr\/index.php?rest_route=%2Fwp%2Fv2%2Fcomments&post=103591"}],"version-history":[{"count":0,"href":"https:\/\/archive.sana.sy\/tr\/index.php?rest_route=\/wp\/v2\/posts\/103591\/revisions"}],"wp:featuredmedia":[{"embeddable":true,"href":"https:\/\/archive.sana.sy\/tr\/index.php?rest_route=\/wp\/v2\/media\/103592"}],"wp:attachment":[{"href":"https:\/\/archive.sana.sy\/tr\/index.php?rest_route=%2Fwp%2Fv2%2Fmedia&parent=103591"}],"wp:term":[{"taxonomy":"category","embeddable":true,"href":"https:\/\/archive.sana.sy\/tr\/index.php?rest_route=%2Fwp%2Fv2%2Fcategories&post=103591"},{"taxonomy":"post_tag","embeddable":true,"href":"https:\/\/archive.sana.sy\/tr\/index.php?rest_route=%2Fwp%2Fv2%2Ftags&post=103591"}],"curies":[{"name":"wp","href":"https:\/\/api.w.org\/{rel}","templated":true}]}}