{"id":103605,"date":"2017-02-02T14:32:57","date_gmt":"2017-02-02T12:32:57","guid":{"rendered":"http:\/\/www.sana.sy\/tr\/?p=103605"},"modified":"2017-02-03T16:47:21","modified_gmt":"2017-02-03T14:47:21","slug":"ordu-kontrolu-altindaki-bolgeleri-genisletmeye-devam-ediyor","status":"publish","type":"post","link":"https:\/\/archive.sana.sy\/tr\/?p=103605","title":{"rendered":"Ordu, Kontrol\u00fc Alt\u0131ndaki B\u00f6lgeleri Geni\u015fletmeye Devam Ediyor (video)"},"content":{"rendered":"<p>\u0130LLER \u2013 I\u015e\u0130D ve Nusra Cephesine kar\u015f\u0131 devam eden operasyonlar\u0131nda radikal ter\u00f6ristleri say\u0131 ve ara\u00e7lar\u0131yla ciddi kay\u0131plara u\u011fratan ordu birliklerimiz, kontrolleri alt\u0131ndaki b\u00f6lgeleri geni\u015fleterek halk\u0131n can ve mal g\u00fcvenli\u011fini temin ediyor.<\/p>\n<p><span style=\"color: #0000ff\">HOMS:<\/span><\/p>\n<p>Askeri kaynak Homs \u0130linin do\u011fusunda I\u015e\u0130D\u2019e kar\u015f\u0131 operasyonlar\u0131n\u0131 destek\u00e7i g\u00fc\u00e7lerle i\u015fbirli\u011fi i\u00e7inde s\u00fcrd\u00fcren ordu birliklerimizin Homs \u2013 Palmira yolu \u00fczerinde d\u00fc\u015fen ve y\u00fcksek bir stratejik \u00f6neme sahip olan Cahhar Kav\u015fa\u011f\u0131 ve b\u00f6lgesini tamamen kontrollerine ge\u00e7irdiklerini ifade etti. Kaynak operasyonlarda I\u015e\u0130D\u2019in say\u0131, ara\u00e7 ve cephanesiyle b\u00fcy\u00fck kay\u0131plara u\u011frat\u0131ld\u0131\u011f\u0131na dikkat \u00e7ekti.<\/p>\n<p>Ordu birliklerimizin Do\u011fu bayda ve Mahr Do\u011falgaz Sahas\u0131 y\u00f6n\u00fcnde b\u00fcy\u00fck ilerlemeler kaydetmeye devam etti\u011fini aktaran kaynak, silah ve arkada\u015flar\u0131n\u0131n cesetlerini yerlerde b\u0131rakarak ka\u00e7an radikal I\u015e\u0130D\u2019li \u00e7eteleri kovalama operasyonlar\u0131n\u0131n devam etti\u011fini belirtti.<\/p>\n<p>Kaynak ordu birliklerimizin son iki g\u00fcn i\u00e7inde Homs \u0130linin do\u011fusu T-4 B\u00f6lgesinde I\u015e\u0130D\u2019i ciddi kay\u0131plara u\u011fratmalar\u0131 ard\u0131ndan 15 km derinli\u011finde 25 km geni\u015fli\u011finde b\u00fcy\u00fck ve \u00f6nemli bir b\u00f6lgeyi tamamen kontrollerine ge\u00e7irdiklerine dikkat \u00e7ekti.<\/p>\n<p>G\u00fcn\u00fcn ilerleyen saatlerinde SANA\u2019ya a\u00e7\u0131klama yapan askeri bir kaynak ordu birliklerimizin Homs \u0130linin do\u011fusunda I\u015e\u0130D\u2019i say\u0131 ve ekipmanlar\u0131yla b\u00fcy\u00fck kay\u0131plara u\u011fratmalar\u0131 ard\u0131ndan stratejik \u00f6neme sahip Cahhar B\u00f6lgesinin yan\u0131 s\u0131ra Hattaniye Beldesi ve Biir el Marhatan B\u00f6lgesini kontrollerine ge\u00e7irdiklerini belirtti.<\/p>\n<p>https:\/\/www.youtube.com\/watch?v=SRNNANIUesg<\/p>\n<p><span style=\"color: #0000ff\">DEYREZZOR:<\/span><\/p>\n<p>Deyrezzor\u2019da ise askeri kaynak ordu birliklerimizin destek\u00e7i g\u00fc\u00e7lerle i\u015fbirli\u011fi i\u00e7inde, kentin g\u00fcneyi askeri havaliman\u0131 ve Temin T\u00fcmeni yak\u0131nlar\u0131nda I\u015e\u0130D\u2019li radikal ter\u00f6ristlerle \u015fiddetli \u00e7at\u0131\u015fmalara girdiklerini ifade etti.<\/p>\n<p>Kaynak hava g\u00fc\u00e7lerimizin deste\u011fi ile \u00e7\u00f6kertilen I\u015e\u0130D sald\u0131r\u0131lar\u0131nda olduk\u00e7a y\u00fcksek say\u0131da ter\u00f6ristin ara\u00e7 ve cephaneleriyle birlikte etkisiz hale getirildi\u011fine dikkat \u00e7ekti.<\/p>\n","protected":false},"excerpt":{"rendered":"<p>\u0130LLER \u2013 I\u015e\u0130D ve Nusra Cephesine kar\u015f\u0131 devam eden operasyonlar\u0131nda radikal ter\u00f6ristleri say\u0131 ve ara\u00e7lar\u0131yla ciddi kay\u0131plara u\u011fratan ordu birliklerimiz, kontrolleri alt\u0131ndaki b\u00f6lgeleri geni\u015fleterek halk\u0131n can ve mal g\u00fcvenli\u011fini temin ediyor. HOMS: Askeri kaynak Homs \u0130linin do\u011fusunda I\u015e\u0130D\u2019e kar\u015f\u0131 operasyonlar\u0131n\u0131 destek\u00e7i g\u00fc\u00e7lerle i\u015fbirli\u011fi i\u00e7inde s\u00fcrd\u00fcren ordu birliklerimizin Homs \u2013 Palmira yolu \u00fczerinde d\u00fc\u015fen ve y\u00fcksek &hellip;<\/p>\n","protected":false},"author":1,"featured_media":103606,"comment_status":"closed","ping_status":"closed","sticky":false,"template":"","format":"standard","meta":{"footnotes":""},"categories":[479,575,17988,478],"tags":[3464,18365,18237,18576,18577,2318,18347,11549,19043,22182,19034],"class_list":["post-103605","post","type-post","status-publish","format-standard","has-post-thumbnail","","category-haberler-yerel","category-olaylar-ve-gercekler","category-son-haberler","category-yerel","tag-nusra-cephesi","tag-ahrar-el-sam","tag-cihatcilar","tag-daes","tag-deas","tag-isid","tag-oso","tag-suriye-ordusu","tag-suriyede-son-durum","tag-suriyede-savas","tag-suriyeli-muhalifler"],"_links":{"self":[{"href":"https:\/\/archive.sana.sy\/tr\/index.php?rest_route=\/wp\/v2\/posts\/103605","targetHints":{"allow":["GET"]}}],"collection":[{"href":"https:\/\/archive.sana.sy\/tr\/index.php?rest_route=\/wp\/v2\/posts"}],"about":[{"href":"https:\/\/archive.sana.sy\/tr\/index.php?rest_route=\/wp\/v2\/types\/post"}],"author":[{"embeddable":true,"href":"https:\/\/archive.sana.sy\/tr\/index.php?rest_route=\/wp\/v2\/users\/1"}],"replies":[{"embeddable":true,"href":"https:\/\/archive.sana.sy\/tr\/index.php?rest_route=%2Fwp%2Fv2%2Fcomments&post=103605"}],"version-history":[{"count":0,"href":"https:\/\/archive.sana.sy\/tr\/index.php?rest_route=\/wp\/v2\/posts\/103605\/revisions"}],"wp:featuredmedia":[{"embeddable":true,"href":"https:\/\/archive.sana.sy\/tr\/index.php?rest_route=\/wp\/v2\/media\/103606"}],"wp:attachment":[{"href":"https:\/\/archive.sana.sy\/tr\/index.php?rest_route=%2Fwp%2Fv2%2Fmedia&parent=103605"}],"wp:term":[{"taxonomy":"category","embeddable":true,"href":"https:\/\/archive.sana.sy\/tr\/index.php?rest_route=%2Fwp%2Fv2%2Fcategories&post=103605"},{"taxonomy":"post_tag","embeddable":true,"href":"https:\/\/archive.sana.sy\/tr\/index.php?rest_route=%2Fwp%2Fv2%2Ftags&post=103605"}],"curies":[{"name":"wp","href":"https:\/\/api.w.org\/{rel}","templated":true}]}}