{"id":103620,"date":"2017-02-02T11:08:17","date_gmt":"2017-02-02T09:08:17","guid":{"rendered":"http:\/\/www.sana.sy\/tr\/?p=103620"},"modified":"2017-02-02T14:55:56","modified_gmt":"2017-02-02T12:55:56","slug":"vatan-koruyuculari-ordu-birliklerimizin-operasyonlarda-radikal-teorr-orgutu-isidin-asilmasi-en-zor-siperlerini-asmayi-basardiklarini-vurgulayan-genel-komutanlik-radikal-teroristlerin-yerlest","status":"publish","type":"post","link":"https:\/\/archive.sana.sy\/tr\/?p=103620","title":{"rendered":"Vatan koruyucular\u0131 ordu birliklerimizin operasyonlarda radikal te\u00f6rr \u00f6rg\u00fct\u00fc I\u015e\u0130D\u2019in a\u015f\u0131lmas\u0131 en zor siperlerini a\u015fmay\u0131 ba\u015fard\u0131klar\u0131n\u0131 vurgulayan Genel Komutanl\u0131k, radikal ter\u00f6ristlerin yerle\u015ftirdikleri y\u00fczlerce bubi tuza\u011f\u0131n\u0131 ba\u015far\u0131yla etkisiz hale getirdiklerini de ifade etti."},"content":{"rendered":"<p>Vatan koruyucular\u0131 ordu birliklerimizin operasyonlarda radikal te\u00f6rr \u00f6rg\u00fct\u00fc I\u015e\u0130D\u2019in a\u015f\u0131lmas\u0131 en zor siperlerini a\u015fmay\u0131 ba\u015fard\u0131klar\u0131n\u0131 vurgulayan Genel Komutanl\u0131k, radikal ter\u00f6ristlerin yerle\u015ftirdikleri y\u00fczlerce bubi tuza\u011f\u0131n\u0131 ba\u015far\u0131yla etkisiz hale getirdiklerini de ifade etti.<\/p>\n","protected":false},"excerpt":{"rendered":"<p>Vatan koruyucular\u0131 ordu birliklerimizin operasyonlarda radikal te\u00f6rr \u00f6rg\u00fct\u00fc I\u015e\u0130D\u2019in a\u015f\u0131lmas\u0131 en zor siperlerini a\u015fmay\u0131 ba\u015fard\u0131klar\u0131n\u0131 vurgulayan Genel Komutanl\u0131k, radikal ter\u00f6ristlerin yerle\u015ftirdikleri y\u00fczlerce bubi tuza\u011f\u0131n\u0131 ba\u015far\u0131yla etkisiz hale getirdiklerini de ifade etti.<\/p>\n","protected":false},"author":1,"featured_media":0,"comment_status":"closed","ping_status":"closed","sticky":false,"template":"","format":"standard","meta":{"footnotes":""},"categories":[17991],"tags":[],"class_list":["post-103620","post","type-post","status-publish","format-standard","","category-son-dakika"],"_links":{"self":[{"href":"https:\/\/archive.sana.sy\/tr\/index.php?rest_route=\/wp\/v2\/posts\/103620","targetHints":{"allow":["GET"]}}],"collection":[{"href":"https:\/\/archive.sana.sy\/tr\/index.php?rest_route=\/wp\/v2\/posts"}],"about":[{"href":"https:\/\/archive.sana.sy\/tr\/index.php?rest_route=\/wp\/v2\/types\/post"}],"author":[{"embeddable":true,"href":"https:\/\/archive.sana.sy\/tr\/index.php?rest_route=\/wp\/v2\/users\/1"}],"replies":[{"embeddable":true,"href":"https:\/\/archive.sana.sy\/tr\/index.php?rest_route=%2Fwp%2Fv2%2Fcomments&post=103620"}],"version-history":[{"count":0,"href":"https:\/\/archive.sana.sy\/tr\/index.php?rest_route=\/wp\/v2\/posts\/103620\/revisions"}],"wp:attachment":[{"href":"https:\/\/archive.sana.sy\/tr\/index.php?rest_route=%2Fwp%2Fv2%2Fmedia&parent=103620"}],"wp:term":[{"taxonomy":"category","embeddable":true,"href":"https:\/\/archive.sana.sy\/tr\/index.php?rest_route=%2Fwp%2Fv2%2Fcategories&post=103620"},{"taxonomy":"post_tag","embeddable":true,"href":"https:\/\/archive.sana.sy\/tr\/index.php?rest_route=%2Fwp%2Fv2%2Ftags&post=103620"}],"curies":[{"name":"wp","href":"https:\/\/api.w.org\/{rel}","templated":true}]}}