{"id":103622,"date":"2017-02-02T11:12:41","date_gmt":"2017-02-02T09:12:41","guid":{"rendered":"http:\/\/www.sana.sy\/tr\/?p=103622"},"modified":"2017-02-02T14:56:18","modified_gmt":"2017-02-02T12:56:18","slug":"operasyonlarda-aralarinda-yabanci-ve-saha-komutanlarinin-bulundugu-oldukca-yuksek-sayida-radikal-teroristin-olduruldugunu-belirten-genel-komutanlik-bir-kismi-agir-makineli-silahlarla-donatilmis-bir","status":"publish","type":"post","link":"https:\/\/archive.sana.sy\/tr\/?p=103622","title":{"rendered":"Operasyonlarda aralar\u0131nda yabanc\u0131 ve saha komutanlar\u0131n\u0131n bulundu\u011fu olduk\u00e7a y\u00fcksek say\u0131da radikal ter\u00f6ristin \u00f6ld\u00fcr\u00fcld\u00fc\u011f\u00fcn\u00fc belirten Genel Komutanl\u0131k, bir k\u0131sm\u0131 a\u011f\u0131r makineli silahlarla donat\u0131lm\u0131\u015f, bir k\u0131sm\u0131 z\u0131rhl\u0131 olan onlarca ara\u00e7la birlikte yine radikal \u00e7etelerin kulland\u0131klar\u0131 \u00e7ok say\u0131da t\u00fcnelin imha edildi\u011fini kaydetti."},"content":{"rendered":"<p>Operasyonlarda aralar\u0131nda yabanc\u0131 ve saha komutanlar\u0131n\u0131n bulundu\u011fu olduk\u00e7a y\u00fcksek say\u0131da radikal ter\u00f6ristin \u00f6ld\u00fcr\u00fcld\u00fc\u011f\u00fcn\u00fc belirten Genel Komutanl\u0131k, bir k\u0131sm\u0131 a\u011f\u0131r makineli silahlarla donat\u0131lm\u0131\u015f, bir k\u0131sm\u0131 z\u0131rhl\u0131 olan onlarca ara\u00e7la birlikte yine radikal \u00e7etelerin kulland\u0131klar\u0131 \u00e7ok say\u0131da t\u00fcnelin imha edildi\u011fini kaydetti.<\/p>\n","protected":false},"excerpt":{"rendered":"<p>Operasyonlarda aralar\u0131nda yabanc\u0131 ve saha komutanlar\u0131n\u0131n bulundu\u011fu olduk\u00e7a y\u00fcksek say\u0131da radikal ter\u00f6ristin \u00f6ld\u00fcr\u00fcld\u00fc\u011f\u00fcn\u00fc belirten Genel Komutanl\u0131k, bir k\u0131sm\u0131 a\u011f\u0131r makineli silahlarla donat\u0131lm\u0131\u015f, bir k\u0131sm\u0131 z\u0131rhl\u0131 olan onlarca ara\u00e7la birlikte yine radikal \u00e7etelerin kulland\u0131klar\u0131 \u00e7ok say\u0131da t\u00fcnelin imha edildi\u011fini kaydetti.<\/p>\n","protected":false},"author":1,"featured_media":0,"comment_status":"closed","ping_status":"closed","sticky":false,"template":"","format":"standard","meta":{"footnotes":""},"categories":[17991],"tags":[],"class_list":["post-103622","post","type-post","status-publish","format-standard","","category-son-dakika"],"_links":{"self":[{"href":"https:\/\/archive.sana.sy\/tr\/index.php?rest_route=\/wp\/v2\/posts\/103622","targetHints":{"allow":["GET"]}}],"collection":[{"href":"https:\/\/archive.sana.sy\/tr\/index.php?rest_route=\/wp\/v2\/posts"}],"about":[{"href":"https:\/\/archive.sana.sy\/tr\/index.php?rest_route=\/wp\/v2\/types\/post"}],"author":[{"embeddable":true,"href":"https:\/\/archive.sana.sy\/tr\/index.php?rest_route=\/wp\/v2\/users\/1"}],"replies":[{"embeddable":true,"href":"https:\/\/archive.sana.sy\/tr\/index.php?rest_route=%2Fwp%2Fv2%2Fcomments&post=103622"}],"version-history":[{"count":0,"href":"https:\/\/archive.sana.sy\/tr\/index.php?rest_route=\/wp\/v2\/posts\/103622\/revisions"}],"wp:attachment":[{"href":"https:\/\/archive.sana.sy\/tr\/index.php?rest_route=%2Fwp%2Fv2%2Fmedia&parent=103622"}],"wp:term":[{"taxonomy":"category","embeddable":true,"href":"https:\/\/archive.sana.sy\/tr\/index.php?rest_route=%2Fwp%2Fv2%2Fcategories&post=103622"},{"taxonomy":"post_tag","embeddable":true,"href":"https:\/\/archive.sana.sy\/tr\/index.php?rest_route=%2Fwp%2Fv2%2Ftags&post=103622"}],"curies":[{"name":"wp","href":"https:\/\/api.w.org\/{rel}","templated":true}]}}