{"id":103626,"date":"2017-02-02T11:16:08","date_gmt":"2017-02-02T09:16:08","guid":{"rendered":"http:\/\/www.sana.sy\/tr\/?p=103626"},"modified":"2017-02-02T14:56:39","modified_gmt":"2017-02-02T12:56:39","slug":"genel-komutanlik-vatan-koruyucularimizin-bu-onemli-basarisinin-halep-kenti-etrafindaki-guvenli-cemberi-genislettigini-radikal-teror-orgutu-iside-karsi-ordu-operasyonlarinin-genisletilmesinde","status":"publish","type":"post","link":"https:\/\/archive.sana.sy\/tr\/?p=103626","title":{"rendered":"Genel Komutanl\u0131k vatan koruyucular\u0131m\u0131z\u0131n bu \u00f6nemli ba\u015far\u0131s\u0131n\u0131n Halep Kenti etraf\u0131ndaki g\u00fcvenli \u00e7emberi geni\u015fletti\u011fini, radikal ter\u00f6r \u00f6rg\u00fct\u00fc I\u015e\u0130D\u2019e kar\u015f\u0131 ordu operasyonlar\u0131n\u0131n geni\u015fletilmesinde de yeni bir hareket noktas\u0131 te\u015fkil edece\u011fine dikkat \u00e7ekti."},"content":{"rendered":"<p>Genel Komutanl\u0131k vatan koruyucular\u0131m\u0131z\u0131n bu \u00f6nemli ba\u015far\u0131s\u0131n\u0131n Halep Kenti etraf\u0131ndaki g\u00fcvenli \u00e7emberi geni\u015fletti\u011fini, radikal ter\u00f6r \u00f6rg\u00fct\u00fc I\u015e\u0130D\u2019e kar\u015f\u0131 ordu operasyonlar\u0131n\u0131n geni\u015fletilmesinde de yeni bir hareket noktas\u0131 te\u015fkil edece\u011fine dikkat \u00e7ekti.<\/p>\n","protected":false},"excerpt":{"rendered":"<p>Genel Komutanl\u0131k vatan koruyucular\u0131m\u0131z\u0131n bu \u00f6nemli ba\u015far\u0131s\u0131n\u0131n Halep Kenti etraf\u0131ndaki g\u00fcvenli \u00e7emberi geni\u015fletti\u011fini, radikal ter\u00f6r \u00f6rg\u00fct\u00fc I\u015e\u0130D\u2019e kar\u015f\u0131 ordu operasyonlar\u0131n\u0131n geni\u015fletilmesinde de yeni bir hareket noktas\u0131 te\u015fkil edece\u011fine dikkat \u00e7ekti.<\/p>\n","protected":false},"author":1,"featured_media":0,"comment_status":"closed","ping_status":"closed","sticky":false,"template":"","format":"standard","meta":{"footnotes":""},"categories":[17991],"tags":[],"class_list":["post-103626","post","type-post","status-publish","format-standard","","category-son-dakika"],"_links":{"self":[{"href":"https:\/\/archive.sana.sy\/tr\/index.php?rest_route=\/wp\/v2\/posts\/103626","targetHints":{"allow":["GET"]}}],"collection":[{"href":"https:\/\/archive.sana.sy\/tr\/index.php?rest_route=\/wp\/v2\/posts"}],"about":[{"href":"https:\/\/archive.sana.sy\/tr\/index.php?rest_route=\/wp\/v2\/types\/post"}],"author":[{"embeddable":true,"href":"https:\/\/archive.sana.sy\/tr\/index.php?rest_route=\/wp\/v2\/users\/1"}],"replies":[{"embeddable":true,"href":"https:\/\/archive.sana.sy\/tr\/index.php?rest_route=%2Fwp%2Fv2%2Fcomments&post=103626"}],"version-history":[{"count":0,"href":"https:\/\/archive.sana.sy\/tr\/index.php?rest_route=\/wp\/v2\/posts\/103626\/revisions"}],"wp:attachment":[{"href":"https:\/\/archive.sana.sy\/tr\/index.php?rest_route=%2Fwp%2Fv2%2Fmedia&parent=103626"}],"wp:term":[{"taxonomy":"category","embeddable":true,"href":"https:\/\/archive.sana.sy\/tr\/index.php?rest_route=%2Fwp%2Fv2%2Fcategories&post=103626"},{"taxonomy":"post_tag","embeddable":true,"href":"https:\/\/archive.sana.sy\/tr\/index.php?rest_route=%2Fwp%2Fv2%2Ftags&post=103626"}],"curies":[{"name":"wp","href":"https:\/\/api.w.org\/{rel}","templated":true}]}}