{"id":103628,"date":"2017-02-02T11:20:29","date_gmt":"2017-02-02T09:20:29","guid":{"rendered":"http:\/\/www.sana.sy\/tr\/?p=103628"},"modified":"2017-02-02T14:57:00","modified_gmt":"2017-02-02T12:57:00","slug":"bu-basarinin-halep-kirsalinda-terore-karsi-savasta-tasidigi-oneme-isik-tutan-genel-komutanlik-halepin-dogusu-ile-kuzeyi-arasinda-teroristlerin-ikmal-ve-destek-hatlarinin-kesilmesi-acisindan","status":"publish","type":"post","link":"https:\/\/archive.sana.sy\/tr\/?p=103628","title":{"rendered":"Bu ba\u015far\u0131n\u0131n Halep k\u0131rsal\u0131nda ter\u00f6re kar\u015f\u0131 sava\u015fta ta\u015f\u0131d\u0131\u011f\u0131 \u00f6neme \u0131\u015f\u0131k tutan Genel Komutanl\u0131k, Halep\u2019in do\u011fusu ile kuzeyi aras\u0131nda ter\u00f6ristlerin ikmal ve destek hatlar\u0131n\u0131n kesilmesi a\u00e7\u0131s\u0131ndan da b\u00fcy\u00fck bir \u00f6nem te\u015fkil etti\u011fini vurgulad\u0131."},"content":{"rendered":"<p>Bu ba\u015far\u0131n\u0131n Halep k\u0131rsal\u0131nda ter\u00f6re kar\u015f\u0131 sava\u015fta ta\u015f\u0131d\u0131\u011f\u0131 \u00f6neme \u0131\u015f\u0131k tutan Genel Komutanl\u0131k, Halep\u2019in do\u011fusu ile kuzeyi aras\u0131nda ter\u00f6ristlerin ikmal ve destek hatlar\u0131n\u0131n kesilmesi a\u00e7\u0131s\u0131ndan da b\u00fcy\u00fck bir \u00f6nem te\u015fkil etti\u011fini vurgulad\u0131.<\/p>\n","protected":false},"excerpt":{"rendered":"<p>Bu ba\u015far\u0131n\u0131n Halep k\u0131rsal\u0131nda ter\u00f6re kar\u015f\u0131 sava\u015fta ta\u015f\u0131d\u0131\u011f\u0131 \u00f6neme \u0131\u015f\u0131k tutan Genel Komutanl\u0131k, Halep\u2019in do\u011fusu ile kuzeyi aras\u0131nda ter\u00f6ristlerin ikmal ve destek hatlar\u0131n\u0131n kesilmesi a\u00e7\u0131s\u0131ndan da b\u00fcy\u00fck bir \u00f6nem te\u015fkil etti\u011fini vurgulad\u0131.<\/p>\n","protected":false},"author":1,"featured_media":0,"comment_status":"closed","ping_status":"closed","sticky":false,"template":"","format":"standard","meta":{"footnotes":""},"categories":[17991],"tags":[],"class_list":["post-103628","post","type-post","status-publish","format-standard","","category-son-dakika"],"_links":{"self":[{"href":"https:\/\/archive.sana.sy\/tr\/index.php?rest_route=\/wp\/v2\/posts\/103628","targetHints":{"allow":["GET"]}}],"collection":[{"href":"https:\/\/archive.sana.sy\/tr\/index.php?rest_route=\/wp\/v2\/posts"}],"about":[{"href":"https:\/\/archive.sana.sy\/tr\/index.php?rest_route=\/wp\/v2\/types\/post"}],"author":[{"embeddable":true,"href":"https:\/\/archive.sana.sy\/tr\/index.php?rest_route=\/wp\/v2\/users\/1"}],"replies":[{"embeddable":true,"href":"https:\/\/archive.sana.sy\/tr\/index.php?rest_route=%2Fwp%2Fv2%2Fcomments&post=103628"}],"version-history":[{"count":0,"href":"https:\/\/archive.sana.sy\/tr\/index.php?rest_route=\/wp\/v2\/posts\/103628\/revisions"}],"wp:attachment":[{"href":"https:\/\/archive.sana.sy\/tr\/index.php?rest_route=%2Fwp%2Fv2%2Fmedia&parent=103628"}],"wp:term":[{"taxonomy":"category","embeddable":true,"href":"https:\/\/archive.sana.sy\/tr\/index.php?rest_route=%2Fwp%2Fv2%2Fcategories&post=103628"},{"taxonomy":"post_tag","embeddable":true,"href":"https:\/\/archive.sana.sy\/tr\/index.php?rest_route=%2Fwp%2Fv2%2Ftags&post=103628"}],"curies":[{"name":"wp","href":"https:\/\/api.w.org\/{rel}","templated":true}]}}