{"id":103630,"date":"2017-02-02T11:25:50","date_gmt":"2017-02-02T09:25:50","guid":{"rendered":"http:\/\/www.sana.sy\/tr\/?p=103630"},"modified":"2017-02-02T14:57:24","modified_gmt":"2017-02-02T12:57:24","slug":"vatan-koruyuculari-ordu-birliklerimizin-suriye-ve-halkinin-guvenligini-temin-etmede-anayasal-sorumluluk-ve-duyarliligini-bir-kez-daha-belirten-genel-komutanlik-kahraman-birliklerimizin-suriye","status":"publish","type":"post","link":"https:\/\/archive.sana.sy\/tr\/?p=103630","title":{"rendered":"Vatan koruyucular\u0131 ordu birliklerimizin Suriye ve halk\u0131n\u0131n g\u00fcvenli\u011fini temin etmede anayasal sorumluluk ve duyarl\u0131l\u0131\u011f\u0131n\u0131 bir kez daha belirten Genel Komutanl\u0131k, kahraman birliklerimizin Suriye\u2019nin halk ve toprak b\u00fct\u00fcnl\u00fc\u011f\u00fcn\u00fc koruma, vatan topraklar\u0131n\u0131n her kar\u0131\u015f\u0131n\u0131 ter\u00f6rden temizleme kararl\u0131l\u0131\u011f\u0131n\u0131n da bir kez daha alt\u0131n\u0131 \u00e7izdi."},"content":{"rendered":"<p>Vatan koruyucular\u0131 ordu birliklerimizin Suriye ve halk\u0131n\u0131n g\u00fcvenli\u011fini temin etmede anayasal sorumluluk ve duyarl\u0131l\u0131\u011f\u0131n\u0131 bir kez daha belirten Genel Komutanl\u0131k, kahraman birliklerimizin Suriye\u2019nin halk ve toprak b\u00fct\u00fcnl\u00fc\u011f\u00fcn\u00fc koruma, vatan topraklar\u0131n\u0131n her kar\u0131\u015f\u0131n\u0131 ter\u00f6rden temizleme kararl\u0131l\u0131\u011f\u0131n\u0131n da bir kez daha alt\u0131n\u0131 \u00e7izdi.<\/p>\n","protected":false},"excerpt":{"rendered":"<p>Vatan koruyucular\u0131 ordu birliklerimizin Suriye ve halk\u0131n\u0131n g\u00fcvenli\u011fini temin etmede anayasal sorumluluk ve duyarl\u0131l\u0131\u011f\u0131n\u0131 bir kez daha belirten Genel Komutanl\u0131k, kahraman birliklerimizin Suriye\u2019nin halk ve toprak b\u00fct\u00fcnl\u00fc\u011f\u00fcn\u00fc koruma, vatan topraklar\u0131n\u0131n her kar\u0131\u015f\u0131n\u0131 ter\u00f6rden temizleme kararl\u0131l\u0131\u011f\u0131n\u0131n da bir kez daha alt\u0131n\u0131 \u00e7izdi.<\/p>\n","protected":false},"author":1,"featured_media":0,"comment_status":"closed","ping_status":"closed","sticky":false,"template":"","format":"standard","meta":{"footnotes":""},"categories":[17991],"tags":[],"class_list":["post-103630","post","type-post","status-publish","format-standard","","category-son-dakika"],"_links":{"self":[{"href":"https:\/\/archive.sana.sy\/tr\/index.php?rest_route=\/wp\/v2\/posts\/103630","targetHints":{"allow":["GET"]}}],"collection":[{"href":"https:\/\/archive.sana.sy\/tr\/index.php?rest_route=\/wp\/v2\/posts"}],"about":[{"href":"https:\/\/archive.sana.sy\/tr\/index.php?rest_route=\/wp\/v2\/types\/post"}],"author":[{"embeddable":true,"href":"https:\/\/archive.sana.sy\/tr\/index.php?rest_route=\/wp\/v2\/users\/1"}],"replies":[{"embeddable":true,"href":"https:\/\/archive.sana.sy\/tr\/index.php?rest_route=%2Fwp%2Fv2%2Fcomments&post=103630"}],"version-history":[{"count":0,"href":"https:\/\/archive.sana.sy\/tr\/index.php?rest_route=\/wp\/v2\/posts\/103630\/revisions"}],"wp:attachment":[{"href":"https:\/\/archive.sana.sy\/tr\/index.php?rest_route=%2Fwp%2Fv2%2Fmedia&parent=103630"}],"wp:term":[{"taxonomy":"category","embeddable":true,"href":"https:\/\/archive.sana.sy\/tr\/index.php?rest_route=%2Fwp%2Fv2%2Fcategories&post=103630"},{"taxonomy":"post_tag","embeddable":true,"href":"https:\/\/archive.sana.sy\/tr\/index.php?rest_route=%2Fwp%2Fv2%2Ftags&post=103630"}],"curies":[{"name":"wp","href":"https:\/\/api.w.org\/{rel}","templated":true}]}}