{"id":103632,"date":"2017-02-02T09:32:12","date_gmt":"2017-02-02T07:32:12","guid":{"rendered":"http:\/\/www.sana.sy\/tr\/?p=103632"},"modified":"2017-02-02T14:57:55","modified_gmt":"2017-02-02T12:57:55","slug":"askeri-kaynak-homs-ilinin-dogusunda-iside-karsi-operasyonlarini-destekci-guclerle-isbirligi-icinde-surduren-ordu-birliklerimizin-homs-palmira-yolu-uzerinde-dusen-ve-yuksek-bir-strat","status":"publish","type":"post","link":"https:\/\/archive.sana.sy\/tr\/?p=103632","title":{"rendered":"Askeri kaynak Homs \u0130linin do\u011fusunda I\u015e\u0130D\u2019e kar\u015f\u0131 operasyonlar\u0131n\u0131 destek\u00e7i g\u00fc\u00e7lerle i\u015fbirli\u011fi i\u00e7inde s\u00fcrd\u00fcren ordu birliklerimizin Homs \u2013 Palmira yolu \u00fczerinde d\u00fc\u015fen ve y\u00fcksek bir stratejik \u00f6neme sahip olan Cahhar Kav\u015fa\u011f\u0131 ve b\u00f6lgesini tamamen kontrollerine ge\u00e7irdiklerini ifade etti."},"content":{"rendered":"<p>Askeri kaynak Homs \u0130linin do\u011fusunda I\u015e\u0130D\u2019e kar\u015f\u0131 operasyonlar\u0131n\u0131 destek\u00e7i g\u00fc\u00e7lerle i\u015fbirli\u011fi i\u00e7inde s\u00fcrd\u00fcren ordu birliklerimizin Homs \u2013 Palmira yolu \u00fczerinde d\u00fc\u015fen ve y\u00fcksek bir stratejik \u00f6neme sahip olan Cahhar Kav\u015fa\u011f\u0131 ve b\u00f6lgesini tamamen kontrollerine ge\u00e7irdiklerini ifade etti.<\/p>\n","protected":false},"excerpt":{"rendered":"<p>Askeri kaynak Homs \u0130linin do\u011fusunda I\u015e\u0130D\u2019e kar\u015f\u0131 operasyonlar\u0131n\u0131 destek\u00e7i g\u00fc\u00e7lerle i\u015fbirli\u011fi i\u00e7inde s\u00fcrd\u00fcren ordu birliklerimizin Homs \u2013 Palmira yolu \u00fczerinde d\u00fc\u015fen ve y\u00fcksek bir stratejik \u00f6neme sahip olan Cahhar Kav\u015fa\u011f\u0131 ve b\u00f6lgesini tamamen kontrollerine ge\u00e7irdiklerini ifade etti.<\/p>\n","protected":false},"author":1,"featured_media":0,"comment_status":"closed","ping_status":"closed","sticky":false,"template":"","format":"standard","meta":{"footnotes":""},"categories":[17991],"tags":[],"class_list":["post-103632","post","type-post","status-publish","format-standard","","category-son-dakika"],"_links":{"self":[{"href":"https:\/\/archive.sana.sy\/tr\/index.php?rest_route=\/wp\/v2\/posts\/103632","targetHints":{"allow":["GET"]}}],"collection":[{"href":"https:\/\/archive.sana.sy\/tr\/index.php?rest_route=\/wp\/v2\/posts"}],"about":[{"href":"https:\/\/archive.sana.sy\/tr\/index.php?rest_route=\/wp\/v2\/types\/post"}],"author":[{"embeddable":true,"href":"https:\/\/archive.sana.sy\/tr\/index.php?rest_route=\/wp\/v2\/users\/1"}],"replies":[{"embeddable":true,"href":"https:\/\/archive.sana.sy\/tr\/index.php?rest_route=%2Fwp%2Fv2%2Fcomments&post=103632"}],"version-history":[{"count":0,"href":"https:\/\/archive.sana.sy\/tr\/index.php?rest_route=\/wp\/v2\/posts\/103632\/revisions"}],"wp:attachment":[{"href":"https:\/\/archive.sana.sy\/tr\/index.php?rest_route=%2Fwp%2Fv2%2Fmedia&parent=103632"}],"wp:term":[{"taxonomy":"category","embeddable":true,"href":"https:\/\/archive.sana.sy\/tr\/index.php?rest_route=%2Fwp%2Fv2%2Fcategories&post=103632"},{"taxonomy":"post_tag","embeddable":true,"href":"https:\/\/archive.sana.sy\/tr\/index.php?rest_route=%2Fwp%2Fv2%2Ftags&post=103632"}],"curies":[{"name":"wp","href":"https:\/\/api.w.org\/{rel}","templated":true}]}}