{"id":103636,"date":"2017-02-02T12:01:09","date_gmt":"2017-02-02T10:01:09","guid":{"rendered":"http:\/\/www.sana.sy\/tr\/?p=103636"},"modified":"2017-02-02T14:58:50","modified_gmt":"2017-02-02T12:58:50","slug":"deyrezzorda-askeri-kaynak-ordu-birliklerimizin-destekci-guclerle-isbirligi-icinde-kentin-guneyi-askeri-havalimani-ve-temin-tumeni-yakinlarinda-isidli-radikal-teroristlerle-siddetli","status":"publish","type":"post","link":"https:\/\/archive.sana.sy\/tr\/?p=103636","title":{"rendered":"Deyrezzor\u2019da askeri kaynak ordu birliklerimizin destek\u00e7i g\u00fc\u00e7lerle i\u015fbirli\u011fi i\u00e7inde, kentin g\u00fcneyi askeri havaliman\u0131 ve Temin T\u00fcmeni yak\u0131nlar\u0131nda I\u015e\u0130D\u2019li radikal ter\u00f6ristlerle \u015fiddetli \u00e7at\u0131\u015fmalara girdiklerini ifade etti."},"content":{"rendered":"<p>Deyrezzor\u2019da askeri kaynak ordu birliklerimizin destek\u00e7i g\u00fc\u00e7lerle i\u015fbirli\u011fi i\u00e7inde, kentin g\u00fcneyi askeri havaliman\u0131 ve Temin T\u00fcmeni yak\u0131nlar\u0131nda I\u015e\u0130D\u2019li radikal ter\u00f6ristlerle \u015fiddetli \u00e7at\u0131\u015fmalara girdiklerini ifade etti.<\/p>\n","protected":false},"excerpt":{"rendered":"<p>Deyrezzor\u2019da askeri kaynak ordu birliklerimizin destek\u00e7i g\u00fc\u00e7lerle i\u015fbirli\u011fi i\u00e7inde, kentin g\u00fcneyi askeri havaliman\u0131 ve Temin T\u00fcmeni yak\u0131nlar\u0131nda I\u015e\u0130D\u2019li radikal ter\u00f6ristlerle \u015fiddetli \u00e7at\u0131\u015fmalara girdiklerini ifade etti.<\/p>\n","protected":false},"author":1,"featured_media":0,"comment_status":"closed","ping_status":"closed","sticky":false,"template":"","format":"standard","meta":{"footnotes":""},"categories":[17991],"tags":[],"class_list":["post-103636","post","type-post","status-publish","format-standard","","category-son-dakika"],"_links":{"self":[{"href":"https:\/\/archive.sana.sy\/tr\/index.php?rest_route=\/wp\/v2\/posts\/103636","targetHints":{"allow":["GET"]}}],"collection":[{"href":"https:\/\/archive.sana.sy\/tr\/index.php?rest_route=\/wp\/v2\/posts"}],"about":[{"href":"https:\/\/archive.sana.sy\/tr\/index.php?rest_route=\/wp\/v2\/types\/post"}],"author":[{"embeddable":true,"href":"https:\/\/archive.sana.sy\/tr\/index.php?rest_route=\/wp\/v2\/users\/1"}],"replies":[{"embeddable":true,"href":"https:\/\/archive.sana.sy\/tr\/index.php?rest_route=%2Fwp%2Fv2%2Fcomments&post=103636"}],"version-history":[{"count":0,"href":"https:\/\/archive.sana.sy\/tr\/index.php?rest_route=\/wp\/v2\/posts\/103636\/revisions"}],"wp:attachment":[{"href":"https:\/\/archive.sana.sy\/tr\/index.php?rest_route=%2Fwp%2Fv2%2Fmedia&parent=103636"}],"wp:term":[{"taxonomy":"category","embeddable":true,"href":"https:\/\/archive.sana.sy\/tr\/index.php?rest_route=%2Fwp%2Fv2%2Fcategories&post=103636"},{"taxonomy":"post_tag","embeddable":true,"href":"https:\/\/archive.sana.sy\/tr\/index.php?rest_route=%2Fwp%2Fv2%2Ftags&post=103636"}],"curies":[{"name":"wp","href":"https:\/\/api.w.org\/{rel}","templated":true}]}}