{"id":103638,"date":"2017-02-02T12:07:33","date_gmt":"2017-02-02T10:07:33","guid":{"rendered":"http:\/\/www.sana.sy\/tr\/?p=103638"},"modified":"2017-02-02T14:59:13","modified_gmt":"2017-02-02T12:59:13","slug":"kaynak-hava-guclerimizin-destegi-ile-cokertilen-isid-saldirilarinda-oldukca-yuksek-sayida-teroristin-arac-ve-cephaneleriyle-birlikte-etkisiz-hale-getirildigine-dikkat-cekti","status":"publish","type":"post","link":"https:\/\/archive.sana.sy\/tr\/?p=103638","title":{"rendered":"Kaynak hava g\u00fc\u00e7lerimizin deste\u011fi ile \u00e7\u00f6kertilen I\u015e\u0130D sald\u0131r\u0131lar\u0131nda olduk\u00e7a y\u00fcksek say\u0131da ter\u00f6ristin ara\u00e7 ve cephaneleriyle birlikte etkisiz hale getirildi\u011fine dikkat \u00e7ekti."},"content":{"rendered":"<p>Kaynak hava g\u00fc\u00e7lerimizin deste\u011fi ile \u00e7\u00f6kertilen I\u015e\u0130D sald\u0131r\u0131lar\u0131nda olduk\u00e7a y\u00fcksek say\u0131da ter\u00f6ristin ara\u00e7 ve cephaneleriyle birlikte etkisiz hale getirildi\u011fine dikkat \u00e7ekti.<\/p>\n","protected":false},"excerpt":{"rendered":"<p>Kaynak hava g\u00fc\u00e7lerimizin deste\u011fi ile \u00e7\u00f6kertilen I\u015e\u0130D sald\u0131r\u0131lar\u0131nda olduk\u00e7a y\u00fcksek say\u0131da ter\u00f6ristin ara\u00e7 ve cephaneleriyle birlikte etkisiz hale getirildi\u011fine dikkat \u00e7ekti.<\/p>\n","protected":false},"author":1,"featured_media":0,"comment_status":"closed","ping_status":"closed","sticky":false,"template":"","format":"standard","meta":{"footnotes":""},"categories":[17991],"tags":[],"class_list":["post-103638","post","type-post","status-publish","format-standard","","category-son-dakika"],"_links":{"self":[{"href":"https:\/\/archive.sana.sy\/tr\/index.php?rest_route=\/wp\/v2\/posts\/103638","targetHints":{"allow":["GET"]}}],"collection":[{"href":"https:\/\/archive.sana.sy\/tr\/index.php?rest_route=\/wp\/v2\/posts"}],"about":[{"href":"https:\/\/archive.sana.sy\/tr\/index.php?rest_route=\/wp\/v2\/types\/post"}],"author":[{"embeddable":true,"href":"https:\/\/archive.sana.sy\/tr\/index.php?rest_route=\/wp\/v2\/users\/1"}],"replies":[{"embeddable":true,"href":"https:\/\/archive.sana.sy\/tr\/index.php?rest_route=%2Fwp%2Fv2%2Fcomments&post=103638"}],"version-history":[{"count":0,"href":"https:\/\/archive.sana.sy\/tr\/index.php?rest_route=\/wp\/v2\/posts\/103638\/revisions"}],"wp:attachment":[{"href":"https:\/\/archive.sana.sy\/tr\/index.php?rest_route=%2Fwp%2Fv2%2Fmedia&parent=103638"}],"wp:term":[{"taxonomy":"category","embeddable":true,"href":"https:\/\/archive.sana.sy\/tr\/index.php?rest_route=%2Fwp%2Fv2%2Fcategories&post=103638"},{"taxonomy":"post_tag","embeddable":true,"href":"https:\/\/archive.sana.sy\/tr\/index.php?rest_route=%2Fwp%2Fv2%2Ftags&post=103638"}],"curies":[{"name":"wp","href":"https:\/\/api.w.org\/{rel}","templated":true}]}}