{"id":103657,"date":"2017-02-02T16:15:00","date_gmt":"2017-02-02T14:15:00","guid":{"rendered":"http:\/\/www.sana.sy\/tr\/?p=103657"},"modified":"2017-02-02T16:24:19","modified_gmt":"2017-02-02T14:24:19","slug":"bakanlik-bm-ve-bmgk-arsivlerinde-resmi-bir-belge-niteligi-sayilan-mektuplarinda-suriye-arap-cumhuriyeti-hukumetinin-suriyenin-egemenligi-toprak-butunlugu-ve-selametinin-yani-siras-suriye-halkina-k","status":"publish","type":"post","link":"https:\/\/archive.sana.sy\/tr\/?p=103657","title":{"rendered":"Bakanl\u0131k BM ve BMGK ar\u015fivlerinde resmi bir belge niteli\u011fi say\u0131lan mektuplar\u0131nda Suriye Arap Cumhuriyeti h\u00fck\u00fcmetinin, Suriye&#8217;nin egemenli\u011fi, toprak b\u00fct\u00fcnl\u00fc\u011f\u00fc ve selametinin yan\u0131 s\u0131ras Suriye halk\u0131na kar\u015f\u0131 T\u00fcrk sald\u0131r\u0131lar\u0131n\u0131 keskin ifadelerle k\u0131nad\u0131\u011f\u0131n\u0131n alt\u0131n\u0131 \u00e7izdi"},"content":{"rendered":"<p>Bakanl\u0131k BM ve BMGK ar\u015fivlerinde resmi bir belge niteli\u011fi say\u0131lan mektuplar\u0131nda Suriye Arap Cumhuriyeti h\u00fck\u00fcmetinin, Suriye&#8217;nin egemenli\u011fi, toprak b\u00fct\u00fcnl\u00fc\u011f\u00fc ve selametinin yan\u0131 s\u0131ras Suriye halk\u0131na kar\u015f\u0131 T\u00fcrk sald\u0131r\u0131lar\u0131n\u0131 keskin ifadelerle k\u0131nad\u0131\u011f\u0131n\u0131n alt\u0131n\u0131 \u00e7izdi<\/p>\n","protected":false},"excerpt":{"rendered":"<p>Bakanl\u0131k BM ve BMGK ar\u015fivlerinde resmi bir belge niteli\u011fi say\u0131lan mektuplar\u0131nda Suriye Arap Cumhuriyeti h\u00fck\u00fcmetinin, Suriye&#8217;nin egemenli\u011fi, toprak b\u00fct\u00fcnl\u00fc\u011f\u00fc ve selametinin yan\u0131 s\u0131ras Suriye halk\u0131na kar\u015f\u0131 T\u00fcrk sald\u0131r\u0131lar\u0131n\u0131 keskin ifadelerle k\u0131nad\u0131\u011f\u0131n\u0131n alt\u0131n\u0131 \u00e7izdi<\/p>\n","protected":false},"author":1,"featured_media":0,"comment_status":"closed","ping_status":"closed","sticky":false,"template":"","format":"standard","meta":{"footnotes":""},"categories":[17991],"tags":[],"class_list":["post-103657","post","type-post","status-publish","format-standard","","category-son-dakika"],"_links":{"self":[{"href":"https:\/\/archive.sana.sy\/tr\/index.php?rest_route=\/wp\/v2\/posts\/103657","targetHints":{"allow":["GET"]}}],"collection":[{"href":"https:\/\/archive.sana.sy\/tr\/index.php?rest_route=\/wp\/v2\/posts"}],"about":[{"href":"https:\/\/archive.sana.sy\/tr\/index.php?rest_route=\/wp\/v2\/types\/post"}],"author":[{"embeddable":true,"href":"https:\/\/archive.sana.sy\/tr\/index.php?rest_route=\/wp\/v2\/users\/1"}],"replies":[{"embeddable":true,"href":"https:\/\/archive.sana.sy\/tr\/index.php?rest_route=%2Fwp%2Fv2%2Fcomments&post=103657"}],"version-history":[{"count":0,"href":"https:\/\/archive.sana.sy\/tr\/index.php?rest_route=\/wp\/v2\/posts\/103657\/revisions"}],"wp:attachment":[{"href":"https:\/\/archive.sana.sy\/tr\/index.php?rest_route=%2Fwp%2Fv2%2Fmedia&parent=103657"}],"wp:term":[{"taxonomy":"category","embeddable":true,"href":"https:\/\/archive.sana.sy\/tr\/index.php?rest_route=%2Fwp%2Fv2%2Fcategories&post=103657"},{"taxonomy":"post_tag","embeddable":true,"href":"https:\/\/archive.sana.sy\/tr\/index.php?rest_route=%2Fwp%2Fv2%2Ftags&post=103657"}],"curies":[{"name":"wp","href":"https:\/\/api.w.org\/{rel}","templated":true}]}}