{"id":103661,"date":"2017-02-02T16:29:19","date_gmt":"2017-02-02T14:29:19","guid":{"rendered":"http:\/\/www.sana.sy\/tr\/?p=103661"},"modified":"2017-02-03T16:49:13","modified_gmt":"2017-02-03T14:49:13","slug":"turkiye-rejiminin-saldirilarina-sinir-koyulmalidir","status":"publish","type":"post","link":"https:\/\/archive.sana.sy\/tr\/?p=103661","title":{"rendered":"T\u00fcrkiye Rejiminin Sald\u0131r\u0131lar\u0131na S\u0131n\u0131r Koyulmal\u0131d\u0131r"},"content":{"rendered":"<p>\u015eAM \u2013 D\u0131\u015fi\u015fleri ve Gurbet\u00e7iler Bakanl\u0131\u011f\u0131 T\u00fcrkiye rejiminin Suriye ve halk\u0131na tekrarlanan sald\u0131r\u0131lar\u0131 konusunda Birle\u015fmi\u015f Milletler genel sekreteri ve BM G\u00fcvenlik Konseyi ba\u015fkan\u0131na e\u015f iki resmi mektup g\u00f6nderdi.<\/p>\n<p>Bakanl\u0131k BM ve BMGK ar\u015fivlerinde resmi bir belge niteli\u011fi say\u0131lan mektuplar\u0131nda Suriye Arap Cumhuriyeti h\u00fck\u00fcmetinin, Suriye&#8217;nin egemenli\u011fi, toprak b\u00fct\u00fcnl\u00fc\u011f\u00fc ve selametinin yan\u0131 s\u0131ras Suriye halk\u0131na kar\u015f\u0131 T\u00fcrk sald\u0131r\u0131lar\u0131n\u0131 keskin ifadelerle k\u0131nad\u0131\u011f\u0131n\u0131n alt\u0131n\u0131 \u00e7izdi.<\/p>\n<p>Uluslar aras\u0131 g\u00fcvenlik ve bar\u0131\u015f\u0131n korunmas\u0131nda BM ve BMGK\u2019den \u00fcstlerine d\u00fc\u015fen sorumlulu\u011fu yerine getirmesinde Suriye&#8217;nin talebini yineleyen Bakanl\u0131k; T\u00fcrkiye rejiminin Suriye ve halk\u0131na y\u00f6nelik a\u00e7\u0131k sald\u0131r\u0131lar\u0131na s\u0131n\u0131r koyulmas\u0131 y\u00f6n\u00fcnde etkin ve cayd\u0131r\u0131c\u0131 icraatlar almalar\u0131n\u0131 bir kez daha talep etti.<\/p>\n","protected":false},"excerpt":{"rendered":"<p>\u015eAM \u2013 D\u0131\u015fi\u015fleri ve Gurbet\u00e7iler Bakanl\u0131\u011f\u0131 T\u00fcrkiye rejiminin Suriye ve halk\u0131na tekrarlanan sald\u0131r\u0131lar\u0131 konusunda Birle\u015fmi\u015f Milletler genel sekreteri ve BM G\u00fcvenlik Konseyi ba\u015fkan\u0131na e\u015f iki resmi mektup g\u00f6nderdi. Bakanl\u0131k BM ve BMGK ar\u015fivlerinde resmi bir belge niteli\u011fi say\u0131lan mektuplar\u0131nda Suriye Arap Cumhuriyeti h\u00fck\u00fcmetinin, Suriye&#8217;nin egemenli\u011fi, toprak b\u00fct\u00fcnl\u00fc\u011f\u00fc ve selametinin yan\u0131 s\u0131ras Suriye halk\u0131na kar\u015f\u0131 T\u00fcrk &hellip;<\/p>\n","protected":false},"author":1,"featured_media":103666,"comment_status":"closed","ping_status":"closed","sticky":false,"template":"","format":"standard","meta":{"footnotes":""},"categories":[479,17988,2554,2555,478],"tags":[2420,2621,13043,12240,19217,19550,19043,22182,19314,24281,3039,14841,27269,19213],"class_list":["post-103661","post","type-post","status-publish","format-standard","has-post-thumbnail","","category-haberler-yerel","category-son-haberler","category-suriye-ve-dunya","category-suriye-ve-turkiye","category-yerel","tag-disisleri-bakanligi","tag-disisleri-ve-gurbetciler-bakanligi","tag-suriye-halki","tag-suriye-hukumeti","tag-suriye-sinirlari","tag-suriye-topraklari","tag-suriyede-son-durum","tag-suriyede-savas","tag-suriyeye-saldiri","tag-turk-ordusu","tag-turkiye","tag-turkiye-rejimi","tag-turkiye-rejiminin-saldirilarina-sinir-koyulmalidir","tag-turkiye-suriyeye-saldirdi"],"_links":{"self":[{"href":"https:\/\/archive.sana.sy\/tr\/index.php?rest_route=\/wp\/v2\/posts\/103661","targetHints":{"allow":["GET"]}}],"collection":[{"href":"https:\/\/archive.sana.sy\/tr\/index.php?rest_route=\/wp\/v2\/posts"}],"about":[{"href":"https:\/\/archive.sana.sy\/tr\/index.php?rest_route=\/wp\/v2\/types\/post"}],"author":[{"embeddable":true,"href":"https:\/\/archive.sana.sy\/tr\/index.php?rest_route=\/wp\/v2\/users\/1"}],"replies":[{"embeddable":true,"href":"https:\/\/archive.sana.sy\/tr\/index.php?rest_route=%2Fwp%2Fv2%2Fcomments&post=103661"}],"version-history":[{"count":0,"href":"https:\/\/archive.sana.sy\/tr\/index.php?rest_route=\/wp\/v2\/posts\/103661\/revisions"}],"wp:featuredmedia":[{"embeddable":true,"href":"https:\/\/archive.sana.sy\/tr\/index.php?rest_route=\/wp\/v2\/media\/103666"}],"wp:attachment":[{"href":"https:\/\/archive.sana.sy\/tr\/index.php?rest_route=%2Fwp%2Fv2%2Fmedia&parent=103661"}],"wp:term":[{"taxonomy":"category","embeddable":true,"href":"https:\/\/archive.sana.sy\/tr\/index.php?rest_route=%2Fwp%2Fv2%2Fcategories&post=103661"},{"taxonomy":"post_tag","embeddable":true,"href":"https:\/\/archive.sana.sy\/tr\/index.php?rest_route=%2Fwp%2Fv2%2Ftags&post=103661"}],"curies":[{"name":"wp","href":"https:\/\/api.w.org\/{rel}","templated":true}]}}