{"id":10368,"date":"2014-09-18T12:17:58","date_gmt":"2014-09-18T09:17:58","guid":{"rendered":"http:\/\/www.sana.sy\/tr\/?p=10368"},"modified":"2014-09-19T17:45:32","modified_gmt":"2014-09-19T14:45:32","slug":"sam-kirsalinda-121-kanun-kacagi-daha-teslim-oldu","status":"publish","type":"post","link":"https:\/\/archive.sana.sy\/tr\/?p=10368","title":{"rendered":"\u015eam K\u0131rsal\u0131nda 128 Kanun Ka\u00e7a\u011f\u0131 Daha Teslim Oldu"},"content":{"rendered":"<p>\u015eAM KIRSALI \u2013 \u015eam k\u0131rsal\u0131n\u0131n kuzeyine d\u00fc\u015fen Kalemun B\u00f6lgesinden Muaddamiye el Kalemun, Malula ve Cebadin beldelerinden 128 kanun ka\u00e7a\u011f\u0131 bug\u00fcn silahlar\u0131yla birlikte g\u00fcvenlik kurumlar\u0131na teslim oldu.<\/p>\n<p>\u015eevre Kent \u0130l Emniyet M\u00fcd\u00fcrl\u00fc\u011f\u00fcnde yetkili bir kaynak teslim olanlar\u0131n genel aftan faydalanma durumlar\u0131n\u0131n incelenece\u011fini s\u00f6yledi.<\/p>\n<p>D\u00fcn ise \u015eam k\u0131rsal\u0131 Rhayba ve Ceyrud beldelerinden 176 kanun ka\u00e7a\u011f\u0131 benzer durumlarda silahlar\u0131yla birlikte ilgili g\u00fcvenlik birimlerine teslim olmu\u015flard\u0131.<\/p>\n","protected":false},"excerpt":{"rendered":"<p>\u015eAM KIRSALI \u2013 \u015eam k\u0131rsal\u0131n\u0131n kuzeyine d\u00fc\u015fen Kalemun B\u00f6lgesinden Muaddamiye el Kalemun, Malula ve Cebadin beldelerinden 128 kanun ka\u00e7a\u011f\u0131 bug\u00fcn silahlar\u0131yla birlikte g\u00fcvenlik kurumlar\u0131na teslim oldu. \u015eevre Kent \u0130l Emniyet M\u00fcd\u00fcrl\u00fc\u011f\u00fcnde yetkili bir kaynak teslim olanlar\u0131n genel aftan faydalanma durumlar\u0131n\u0131n incelenece\u011fini s\u00f6yledi. D\u00fcn ise \u015eam k\u0131rsal\u0131 Rhayba ve Ceyrud beldelerinden 176 kanun ka\u00e7a\u011f\u0131 benzer durumlarda &hellip;<\/p>\n","protected":false},"author":1,"featured_media":10369,"comment_status":"closed","ping_status":"closed","sticky":false,"template":"","format":"standard","meta":{"footnotes":""},"categories":[575],"tags":[2391],"class_list":["post-10368","post","type-post","status-publish","format-standard","has-post-thumbnail","","category-olaylar-ve-gercekler","tag-sam-kirsalinda-121-kanun-kacagi-daha-teslim-oldu"],"_links":{"self":[{"href":"https:\/\/archive.sana.sy\/tr\/index.php?rest_route=\/wp\/v2\/posts\/10368","targetHints":{"allow":["GET"]}}],"collection":[{"href":"https:\/\/archive.sana.sy\/tr\/index.php?rest_route=\/wp\/v2\/posts"}],"about":[{"href":"https:\/\/archive.sana.sy\/tr\/index.php?rest_route=\/wp\/v2\/types\/post"}],"author":[{"embeddable":true,"href":"https:\/\/archive.sana.sy\/tr\/index.php?rest_route=\/wp\/v2\/users\/1"}],"replies":[{"embeddable":true,"href":"https:\/\/archive.sana.sy\/tr\/index.php?rest_route=%2Fwp%2Fv2%2Fcomments&post=10368"}],"version-history":[{"count":0,"href":"https:\/\/archive.sana.sy\/tr\/index.php?rest_route=\/wp\/v2\/posts\/10368\/revisions"}],"wp:featuredmedia":[{"embeddable":true,"href":"https:\/\/archive.sana.sy\/tr\/index.php?rest_route=\/wp\/v2\/media\/10369"}],"wp:attachment":[{"href":"https:\/\/archive.sana.sy\/tr\/index.php?rest_route=%2Fwp%2Fv2%2Fmedia&parent=10368"}],"wp:term":[{"taxonomy":"category","embeddable":true,"href":"https:\/\/archive.sana.sy\/tr\/index.php?rest_route=%2Fwp%2Fv2%2Fcategories&post=10368"},{"taxonomy":"post_tag","embeddable":true,"href":"https:\/\/archive.sana.sy\/tr\/index.php?rest_route=%2Fwp%2Fv2%2Ftags&post=10368"}],"curies":[{"name":"wp","href":"https:\/\/api.w.org\/{rel}","templated":true}]}}