{"id":103680,"date":"2017-02-02T12:30:45","date_gmt":"2017-02-02T10:30:45","guid":{"rendered":"http:\/\/www.sana.sy\/tr\/?p=103680"},"modified":"2017-02-03T11:41:40","modified_gmt":"2017-02-03T09:41:40","slug":"bulusmalar-periyodik-olarak-duzenlenecek","status":"publish","type":"post","link":"https:\/\/archive.sana.sy\/tr\/?p=103680","title":{"rendered":"Bulu\u015fmalar Periyodik Olarak D\u00fczenlenecek"},"content":{"rendered":"<p>MOSKOVA \u2013 Rusya Savunma Bakanl\u0131\u011f\u0131; Suriye&#8217;deki krizin siyasi \u00e7\u00f6z\u00fcm s\u00fcrecine ili\u015fkin meselelerin masaya yat\u0131r\u0131lmas\u0131 amac\u0131yla \u00f6n\u00fcm\u00fczdeki Pazartesi g\u00fcn\u00fc Kazakistan\u2019\u0131n ba\u015fkenti Astana\u2019da teknik bir toplant\u0131n\u0131n d\u00fczenlenece\u011fini ilan etti.<\/p>\n<p>Rus bakanl\u0131k yay\u0131nlad\u0131\u011f\u0131 ve RT web haber sitesinin aktard\u0131\u011f\u0131 b\u00fcltende; teknik bulu\u015fmada Rusya, \u0130ran, T\u00fcrkiye ve Birle\u015fmi\u015f Milletlerden uzmanlar\u0131n ilk kez Suriye&#8217;de \u00e7at\u0131\u015fmalar\u0131n durdurulmas\u0131 anla\u015fmas\u0131n\u0131n hayata ge\u00e7irilmesi ve bu anla\u015fman\u0131n uygulanmas\u0131n\u0131n denetlenmesi ihlal edilmesinin engellenmesi i\u00e7in icraatlar belirleme amac\u0131yla Ortak Operasyonlar Grubu ile bir araya geleceklerini kaydetti. Bakanl\u0131k bulu\u015fmada ayr\u0131ca insani yard\u0131mlar\u0131n ula\u015ft\u0131r\u0131lmas\u0131na ili\u015fkin meseleleri \u00e7\u00f6zmekle birlikte kar\u015f\u0131l\u0131kl\u0131 g\u00fcveni peki\u015ftirme konusunun ele al\u0131naca\u011f\u0131n\u0131 ifade etti.<\/p>\n<p>Rusya Savunma Bakanl\u0131\u011f\u0131 teknik bulu\u015fmada bunlar\u0131n yan\u0131 s\u0131ra Kaide \u00d6rg\u00fct\u00fcn\u00fcn Suriye kolu olan ve uluslar aras\u0131 ter\u00f6r \u00f6rg\u00fctleri listesinde bulunan Nusra Cephesi ile \u2018\u0131l\u0131ml\u0131 muhalifler\u2019 ad\u0131 verilen silahl\u0131 gruplar\u0131 birbirinden ay\u0131rma meselesinin de tart\u0131\u015f\u0131laca\u011f\u0131n\u0131 ifade etti.<\/p>\n<p>Ortak Operasyonlar Uzmanlar\u0131n\u0131n Astana\u2019da periyodik olarak toplanacaklar\u0131na dikkat \u00e7eken Rus bakanl\u0131k, Suriye h\u00fck\u00fcmeti ve \u2018muhalefetten\u2019 bir heyetin de bu g\u00f6r\u00fc\u015fmelere kat\u0131lacaklar\u0131n\u0131 kaydetti.<\/p>\n","protected":false},"excerpt":{"rendered":"<p>MOSKOVA \u2013 Rusya Savunma Bakanl\u0131\u011f\u0131; Suriye&#8217;deki krizin siyasi \u00e7\u00f6z\u00fcm s\u00fcrecine ili\u015fkin meselelerin masaya yat\u0131r\u0131lmas\u0131 amac\u0131yla \u00f6n\u00fcm\u00fczdeki Pazartesi g\u00fcn\u00fc Kazakistan\u2019\u0131n ba\u015fkenti Astana\u2019da teknik bir toplant\u0131n\u0131n d\u00fczenlenece\u011fini ilan etti. Rus bakanl\u0131k yay\u0131nlad\u0131\u011f\u0131 ve RT web haber sitesinin aktard\u0131\u011f\u0131 b\u00fcltende; teknik bulu\u015fmada Rusya, \u0130ran, T\u00fcrkiye ve Birle\u015fmi\u015f Milletlerden uzmanlar\u0131n ilk kez Suriye&#8217;de \u00e7at\u0131\u015fmalar\u0131n durdurulmas\u0131 anla\u015fmas\u0131n\u0131n hayata ge\u00e7irilmesi ve &hellip;<\/p>\n","protected":false},"author":1,"featured_media":103681,"comment_status":"closed","ping_status":"closed","sticky":false,"template":"","format":"standard","meta":{"footnotes":""},"categories":[458,459,17988],"tags":[27273,17041,27275,27274],"class_list":["post-103680","post","type-post","status-publish","format-standard","has-post-thumbnail","","category-dunya1","category-haberler-arap-uluslararasi-politika","category-son-haberler","tag-bulusmalar-periyodik-olarak-duzenlenecek","tag-rusya-savunma-bakanligi","tag-rusya-savunma-bakanligi-teknik-bulusmada","tag-suriyedeki-krizin-siyasi-cozum-sureci"],"_links":{"self":[{"href":"https:\/\/archive.sana.sy\/tr\/index.php?rest_route=\/wp\/v2\/posts\/103680","targetHints":{"allow":["GET"]}}],"collection":[{"href":"https:\/\/archive.sana.sy\/tr\/index.php?rest_route=\/wp\/v2\/posts"}],"about":[{"href":"https:\/\/archive.sana.sy\/tr\/index.php?rest_route=\/wp\/v2\/types\/post"}],"author":[{"embeddable":true,"href":"https:\/\/archive.sana.sy\/tr\/index.php?rest_route=\/wp\/v2\/users\/1"}],"replies":[{"embeddable":true,"href":"https:\/\/archive.sana.sy\/tr\/index.php?rest_route=%2Fwp%2Fv2%2Fcomments&post=103680"}],"version-history":[{"count":0,"href":"https:\/\/archive.sana.sy\/tr\/index.php?rest_route=\/wp\/v2\/posts\/103680\/revisions"}],"wp:featuredmedia":[{"embeddable":true,"href":"https:\/\/archive.sana.sy\/tr\/index.php?rest_route=\/wp\/v2\/media\/103681"}],"wp:attachment":[{"href":"https:\/\/archive.sana.sy\/tr\/index.php?rest_route=%2Fwp%2Fv2%2Fmedia&parent=103680"}],"wp:term":[{"taxonomy":"category","embeddable":true,"href":"https:\/\/archive.sana.sy\/tr\/index.php?rest_route=%2Fwp%2Fv2%2Fcategories&post=103680"},{"taxonomy":"post_tag","embeddable":true,"href":"https:\/\/archive.sana.sy\/tr\/index.php?rest_route=%2Fwp%2Fv2%2Ftags&post=103680"}],"curies":[{"name":"wp","href":"https:\/\/api.w.org\/{rel}","templated":true}]}}