{"id":103685,"date":"2017-02-02T21:30:32","date_gmt":"2017-02-02T19:30:32","guid":{"rendered":"http:\/\/www.sana.sy\/tr\/?p=103685"},"modified":"2017-02-03T14:54:21","modified_gmt":"2017-02-03T12:54:21","slug":"avusturya-cumhurbaskani-suriye-krizinin-askeri-yontemle-cozulmesi-mumkun-degildir","status":"publish","type":"post","link":"https:\/\/archive.sana.sy\/tr\/?p=103685","title":{"rendered":"Avusturya Cumhurba\u015fkan\u0131: Suriye Krizinin Askeri Y\u00f6ntemle \u00c7\u00f6z\u00fclmesi M\u00fcmk\u00fcn De\u011fildir"},"content":{"rendered":"<p>V\u0130YANA \u2013 Avusturya Cumhurba\u015fkan\u0131 Alexander Van Der Bellen, Suriye\u2019de ya\u015fanmakta olan krizin askeri y\u00f6ntemlerle \u00e7\u00f6z\u00fcm\u00fcn\u00fcn m\u00fcmk\u00fcn olmad\u0131\u011f\u0131n\u0131 ifade etti.<\/p>\n<p>Yakla\u015f\u0131k bir ay \u00f6nce ger\u00e7ekle\u015ftirilen se\u00e7imlerle Cumhurba\u015fkan\u0131 se\u00e7ilen Van der Bellen d\u00fcn Viyana\u2019da bulunan diplomatlar\u0131 a\u011f\u0131rlad\u0131\u011f\u0131 resepsiyonda, Suriye konusunda Rusya ile i\u015fbirli\u011fi ve koordinasyonun s\u00fcrmesinin \u00f6nemine dikkat \u00e7ekerek i\u015fbirli\u011fi ve koordinasyon olmadan uluslararas\u0131 ve b\u00f6lgesel krizlerin \u00e7\u00f6z\u00fclmesinin m\u00fcmk\u00fcn olmad\u0131\u011f\u0131n\u0131 belirtti.<\/p>\n<p>\u00dclkesinin radikalizm ile m\u00fccadeleye kat\u0131lma ve gen\u00e7 nesle odaklanma iste\u011fini dile getiren Van Der Bellen; ge\u00e7ti\u011fimiz aylarda Fransa, Almanya ve T\u00fcrkiye\u2019de g\u00f6r\u00fclen ter\u00f6r sald\u0131r\u0131lar\u0131n\u0131n ter\u00f6re ve radikalizme kar\u015f\u0131 m\u00fccadelede uluslararas\u0131 \u00e7abalar\u0131n yo\u011funla\u015ft\u0131r\u0131lmas\u0131 gere\u011fini yans\u0131tt\u0131\u011f\u0131n\u0131 vurgulad\u0131.<\/p>\n","protected":false},"excerpt":{"rendered":"<p>V\u0130YANA \u2013 Avusturya Cumhurba\u015fkan\u0131 Alexander Van Der Bellen, Suriye\u2019de ya\u015fanmakta olan krizin askeri y\u00f6ntemlerle \u00e7\u00f6z\u00fcm\u00fcn\u00fcn m\u00fcmk\u00fcn olmad\u0131\u011f\u0131n\u0131 ifade etti. Yakla\u015f\u0131k bir ay \u00f6nce ger\u00e7ekle\u015ftirilen se\u00e7imlerle Cumhurba\u015fkan\u0131 se\u00e7ilen Van der Bellen d\u00fcn Viyana\u2019da bulunan diplomatlar\u0131 a\u011f\u0131rlad\u0131\u011f\u0131 resepsiyonda, Suriye konusunda Rusya ile i\u015fbirli\u011fi ve koordinasyonun s\u00fcrmesinin \u00f6nemine dikkat \u00e7ekerek i\u015fbirli\u011fi ve koordinasyon olmadan uluslararas\u0131 ve b\u00f6lgesel krizlerin &hellip;<\/p>\n","protected":false},"author":1,"featured_media":103697,"comment_status":"closed","ping_status":"closed","sticky":false,"template":"","format":"standard","meta":{"footnotes":""},"categories":[458,459,17988],"tags":[27283,27282,27284],"class_list":["post-103685","post","type-post","status-publish","format-standard","has-post-thumbnail","","category-dunya1","category-haberler-arap-uluslararasi-politika","category-son-haberler","tag-avusturya-cumhurbaskani-alexander-van-der-bellen","tag-avusturya-cumhurbaskani-suriye-krizinin-askeri-yontemle-cozulmesi-mumkun-degildir","tag-suriye-konusunda-rusya-ile-isbirlik"],"_links":{"self":[{"href":"https:\/\/archive.sana.sy\/tr\/index.php?rest_route=\/wp\/v2\/posts\/103685","targetHints":{"allow":["GET"]}}],"collection":[{"href":"https:\/\/archive.sana.sy\/tr\/index.php?rest_route=\/wp\/v2\/posts"}],"about":[{"href":"https:\/\/archive.sana.sy\/tr\/index.php?rest_route=\/wp\/v2\/types\/post"}],"author":[{"embeddable":true,"href":"https:\/\/archive.sana.sy\/tr\/index.php?rest_route=\/wp\/v2\/users\/1"}],"replies":[{"embeddable":true,"href":"https:\/\/archive.sana.sy\/tr\/index.php?rest_route=%2Fwp%2Fv2%2Fcomments&post=103685"}],"version-history":[{"count":0,"href":"https:\/\/archive.sana.sy\/tr\/index.php?rest_route=\/wp\/v2\/posts\/103685\/revisions"}],"wp:featuredmedia":[{"embeddable":true,"href":"https:\/\/archive.sana.sy\/tr\/index.php?rest_route=\/wp\/v2\/media\/103697"}],"wp:attachment":[{"href":"https:\/\/archive.sana.sy\/tr\/index.php?rest_route=%2Fwp%2Fv2%2Fmedia&parent=103685"}],"wp:term":[{"taxonomy":"category","embeddable":true,"href":"https:\/\/archive.sana.sy\/tr\/index.php?rest_route=%2Fwp%2Fv2%2Fcategories&post=103685"},{"taxonomy":"post_tag","embeddable":true,"href":"https:\/\/archive.sana.sy\/tr\/index.php?rest_route=%2Fwp%2Fv2%2Ftags&post=103685"}],"curies":[{"name":"wp","href":"https:\/\/api.w.org\/{rel}","templated":true}]}}