{"id":103686,"date":"2017-02-02T21:15:33","date_gmt":"2017-02-02T19:15:33","guid":{"rendered":"http:\/\/www.sana.sy\/tr\/?p=103686"},"modified":"2017-02-03T14:55:57","modified_gmt":"2017-02-03T12:55:57","slug":"putin-suriyede-siyasi-cozum-saglanmasi-goc-krizini-hafifletecektir","status":"publish","type":"post","link":"https:\/\/archive.sana.sy\/tr\/?p=103686","title":{"rendered":"Putin: Suriye\u2019de Siyasi \u00c7\u00f6z\u00fcm Sa\u011flanmas\u0131 G\u00f6\u00e7 Krizini Hafifletecektir"},"content":{"rendered":"<p>BUDAPE\u015eTE &#8211; Rusya Ba\u015fkan\u0131 Vladimir Putin, Suriye\u2019deki durumlar\u0131n en yak\u0131n zamanda normale d\u00f6nmesinin, Avrupa Devletlerini b\u00fcy\u00fck s\u0131k\u0131nt\u0131ya sokan g\u00f6\u00e7 krizini hafifletece\u011fini ifade etti.<\/p>\n<p>Macaristan Ba\u015fbakan\u0131 Viktor Oriban ile Budape\u015fte\u2019de ortak bir bas\u0131n konferans\u0131 d\u00fczenleyen Putin; Suriye\u2019de ya\u015fanmakta olan krizin siyasi y\u00f6ntemlerle \u00e7\u00f6z\u00fclmesinin ve hayat\u0131n normale d\u00f6nmesinin b\u00fct\u00fcn Avrupa\u2019da ya\u015fanmakta olan g\u00f6\u00e7 krizinin hafiflemesine yol a\u00e7mas\u0131n\u0131n ka\u00e7\u0131n\u0131lmaz oldu\u011funu beyan etti.<\/p>\n","protected":false},"excerpt":{"rendered":"<p>BUDAPE\u015eTE &#8211; Rusya Ba\u015fkan\u0131 Vladimir Putin, Suriye\u2019deki durumlar\u0131n en yak\u0131n zamanda normale d\u00f6nmesinin, Avrupa Devletlerini b\u00fcy\u00fck s\u0131k\u0131nt\u0131ya sokan g\u00f6\u00e7 krizini hafifletece\u011fini ifade etti. Macaristan Ba\u015fbakan\u0131 Viktor Oriban ile Budape\u015fte\u2019de ortak bir bas\u0131n konferans\u0131 d\u00fczenleyen Putin; Suriye\u2019de ya\u015fanmakta olan krizin siyasi y\u00f6ntemlerle \u00e7\u00f6z\u00fclmesinin ve hayat\u0131n normale d\u00f6nmesinin b\u00fct\u00fcn Avrupa\u2019da ya\u015fanmakta olan g\u00f6\u00e7 krizinin hafiflemesine yol a\u00e7mas\u0131n\u0131n &hellip;<\/p>\n","protected":false},"author":1,"featured_media":103699,"comment_status":"closed","ping_status":"closed","sticky":false,"template":"","format":"standard","meta":{"footnotes":""},"categories":[458,459,17988],"tags":[27285,16904,27286],"class_list":["post-103686","post","type-post","status-publish","format-standard","has-post-thumbnail","","category-dunya1","category-haberler-arap-uluslararasi-politika","category-son-haberler","tag-putin-suriyede-siyasi-cozum-saglanmasi-goc-krizini-hafifletecektir","tag-rusya-baskani-vladimir-putin","tag-suriyedeki-durumlarin-normale-donmesi"],"_links":{"self":[{"href":"https:\/\/archive.sana.sy\/tr\/index.php?rest_route=\/wp\/v2\/posts\/103686","targetHints":{"allow":["GET"]}}],"collection":[{"href":"https:\/\/archive.sana.sy\/tr\/index.php?rest_route=\/wp\/v2\/posts"}],"about":[{"href":"https:\/\/archive.sana.sy\/tr\/index.php?rest_route=\/wp\/v2\/types\/post"}],"author":[{"embeddable":true,"href":"https:\/\/archive.sana.sy\/tr\/index.php?rest_route=\/wp\/v2\/users\/1"}],"replies":[{"embeddable":true,"href":"https:\/\/archive.sana.sy\/tr\/index.php?rest_route=%2Fwp%2Fv2%2Fcomments&post=103686"}],"version-history":[{"count":0,"href":"https:\/\/archive.sana.sy\/tr\/index.php?rest_route=\/wp\/v2\/posts\/103686\/revisions"}],"wp:featuredmedia":[{"embeddable":true,"href":"https:\/\/archive.sana.sy\/tr\/index.php?rest_route=\/wp\/v2\/media\/103699"}],"wp:attachment":[{"href":"https:\/\/archive.sana.sy\/tr\/index.php?rest_route=%2Fwp%2Fv2%2Fmedia&parent=103686"}],"wp:term":[{"taxonomy":"category","embeddable":true,"href":"https:\/\/archive.sana.sy\/tr\/index.php?rest_route=%2Fwp%2Fv2%2Fcategories&post=103686"},{"taxonomy":"post_tag","embeddable":true,"href":"https:\/\/archive.sana.sy\/tr\/index.php?rest_route=%2Fwp%2Fv2%2Ftags&post=103686"}],"curies":[{"name":"wp","href":"https:\/\/api.w.org\/{rel}","templated":true}]}}