{"id":10371,"date":"2014-09-18T12:30:47","date_gmt":"2014-09-18T09:30:47","guid":{"rendered":"http:\/\/www.sana.sy\/tr\/?p=10371"},"modified":"2014-09-18T12:30:47","modified_gmt":"2014-09-18T09:30:47","slug":"teroru-destekledikleri-bir-zamanda-terorle-mucadele-eden-devletleri-elestirdi","status":"publish","type":"post","link":"https:\/\/archive.sana.sy\/tr\/?p=10371","title":{"rendered":"Ter\u00f6r\u00fc Destekledikleri Bir Zamanda Ter\u00f6rle M\u00fccadele Eden Devletleri Ele\u015ftirdi"},"content":{"rendered":"<p>CENEVRE \u2013 K\u00fcba\u2019n\u0131n Cenevre&#8217;de uluslar aras\u0131 \u00f6rg\u00fctler daimi temsilcisi Anayansi Rodriguez \u00fclkesinin, Suriye&#8217;deki krize m\u00fczakereler yoluyla bar\u0131\u015f\u00e7\u0131l bir \u00e7\u00f6z\u00fcm bulunmas\u0131na deste\u011fini yineledi.<\/p>\n<p>Cenevre&#8217;de Birle\u015fmi\u015f Milletler \u0130nsan Haklar\u0131 Konseyinin 27. D\u00f6nem toplant\u0131lar\u0131nda yapt\u0131\u011f\u0131 konu\u015fmada Rodriguez; Suriye h\u00fck\u00fcmeti ve halk\u0131n\u0131n kendi i\u00e7 sorunlar\u0131n\u0131 herhangi bir d\u0131\u015f m\u00fcdahale olmaks\u0131z\u0131n \u00e7\u00f6zme g\u00fcc\u00fcne sahip oldu\u011fu konusunda K\u00fcba\u2019n\u0131n g\u00fcvenini ifade etti.<\/p>\n<p>Suriye&#8217;deki silahl\u0131 ter\u00f6r \u00f6rg\u00fctlerin bulunduklar\u0131 ter\u00f6r eylemleri, sava\u015f su\u00e7lar\u0131, i\u015fkence ve t\u00fcm \u015fiddet eylemlerini keskin bir dille k\u0131nayan Rodriguez; Suriye&#8217;nin tan\u0131k oldu\u011fu olaylar konusunda dezenformasyonun yap\u0131ld\u0131\u011f\u0131n\u0131, ger\u00e7eklerin \u00e7arp\u0131t\u0131ld\u0131\u011f\u0131na dikkat \u00e7ekti.<\/p>\n<p>Rodriguez; ter\u00f6r \u00f6rg\u00fctlere silah, finans, bar\u0131nak, e\u011fitim ve daha ba\u015fka her t\u00fcrl\u00fc deste\u011fi takdim eden kimi devletlerin tutumlar\u0131n\u0131 \u015fiddetle k\u0131narken, bu devletlerin ter\u00f6r\u00fc destekledikleri bir zamanda ter\u00f6rle m\u00fccadele ettikleri iddialar\u0131n\u0131n mant\u0131ks\u0131zl\u0131\u011f\u0131na dikkat \u00e7ekti.<\/p>\n","protected":false},"excerpt":{"rendered":"<p>CENEVRE \u2013 K\u00fcba\u2019n\u0131n Cenevre&#8217;de uluslar aras\u0131 \u00f6rg\u00fctler daimi temsilcisi Anayansi Rodriguez \u00fclkesinin, Suriye&#8217;deki krize m\u00fczakereler yoluyla bar\u0131\u015f\u00e7\u0131l bir \u00e7\u00f6z\u00fcm bulunmas\u0131na deste\u011fini yineledi. Cenevre&#8217;de Birle\u015fmi\u015f Milletler \u0130nsan Haklar\u0131 Konseyinin 27. D\u00f6nem toplant\u0131lar\u0131nda yapt\u0131\u011f\u0131 konu\u015fmada Rodriguez; Suriye h\u00fck\u00fcmeti ve halk\u0131n\u0131n kendi i\u00e7 sorunlar\u0131n\u0131 herhangi bir d\u0131\u015f m\u00fcdahale olmaks\u0131z\u0131n \u00e7\u00f6zme g\u00fcc\u00fcne sahip oldu\u011fu konusunda K\u00fcba\u2019n\u0131n g\u00fcvenini ifade etti. &hellip;<\/p>\n","protected":false},"author":1,"featured_media":10372,"comment_status":"closed","ping_status":"closed","sticky":false,"template":"","format":"standard","meta":{"footnotes":""},"categories":[458,459,447],"tags":[2392],"class_list":["post-10371","post","type-post","status-publish","format-standard","has-post-thumbnail","","category-dunya1","category-haberler-arap-uluslararasi-politika","category-politika","tag-teroru-destekledikleri-bir-zamanda-terorle-mucadele-eden-devletleri-elestirdi"],"_links":{"self":[{"href":"https:\/\/archive.sana.sy\/tr\/index.php?rest_route=\/wp\/v2\/posts\/10371","targetHints":{"allow":["GET"]}}],"collection":[{"href":"https:\/\/archive.sana.sy\/tr\/index.php?rest_route=\/wp\/v2\/posts"}],"about":[{"href":"https:\/\/archive.sana.sy\/tr\/index.php?rest_route=\/wp\/v2\/types\/post"}],"author":[{"embeddable":true,"href":"https:\/\/archive.sana.sy\/tr\/index.php?rest_route=\/wp\/v2\/users\/1"}],"replies":[{"embeddable":true,"href":"https:\/\/archive.sana.sy\/tr\/index.php?rest_route=%2Fwp%2Fv2%2Fcomments&post=10371"}],"version-history":[{"count":0,"href":"https:\/\/archive.sana.sy\/tr\/index.php?rest_route=\/wp\/v2\/posts\/10371\/revisions"}],"wp:featuredmedia":[{"embeddable":true,"href":"https:\/\/archive.sana.sy\/tr\/index.php?rest_route=\/wp\/v2\/media\/10372"}],"wp:attachment":[{"href":"https:\/\/archive.sana.sy\/tr\/index.php?rest_route=%2Fwp%2Fv2%2Fmedia&parent=10371"}],"wp:term":[{"taxonomy":"category","embeddable":true,"href":"https:\/\/archive.sana.sy\/tr\/index.php?rest_route=%2Fwp%2Fv2%2Fcategories&post=10371"},{"taxonomy":"post_tag","embeddable":true,"href":"https:\/\/archive.sana.sy\/tr\/index.php?rest_route=%2Fwp%2Fv2%2Ftags&post=10371"}],"curies":[{"name":"wp","href":"https:\/\/api.w.org\/{rel}","templated":true}]}}