{"id":10377,"date":"2014-09-18T23:50:44","date_gmt":"2014-09-18T20:50:44","guid":{"rendered":"http:\/\/www.sana.sy\/tr\/?p=10377"},"modified":"2014-09-29T11:02:20","modified_gmt":"2014-09-29T08:02:20","slug":"cok-sayida-isid-teroristi-olduruldu-sizma-girisimleri-cokertildi","status":"publish","type":"post","link":"https:\/\/archive.sana.sy\/tr\/?p=10377","title":{"rendered":"\u00c7ok Say\u0131da I\u015e\u0130D Ter\u00f6risti \u00d6ld\u00fcr\u00fcld\u00fc, Homs&#8217;ta Silah Deposu Ele Ge\u00e7irildi"},"content":{"rendered":"<p>\u0130LLER \u2013 Kahraman ordu birliklerimizin silahl\u0131 ve kiral\u0131k ter\u00f6ristlere y\u00f6nelik d\u00fczenledi\u011fi bir dizi operasyon sonucunda \u00e7ok say\u0131da yabanc\u0131 uyruklu I\u015e\u0130D eleman\u0131n\u0131n bulundu\u011fu ter\u00f6risti \u00f6ld\u00fcrerek ellerindeki silah, cephane, te\u00e7hizat ve ara\u00e7lar\u0131 imha etti.<\/p>\n<p><span style=\"color: #0000ff\">\u015eam K\u0131rsal\u0131nda Operasyonlar Devam Ediyor<\/span><\/p>\n<p>Vatan koruyucular\u0131 ordu birliklerimiz \u015eam k\u0131rsal\u0131n\u0131n muhtelif b\u00f6lgelerinde ter\u00f6r \u00e7etelere kar\u015f\u0131 operasyonlar\u0131n\u0131 ba\u015far\u0131yla s\u00fcrd\u00fcr\u00fcrken, Han el \u015eih, Dareyya, Kalemun da\u011flar\u0131, Duma, Cobar, Ayn terma Vadisi ve Duhhaniye b\u00f6lgelerinde yuva ve k\u00fcmelenme yerlerini nitelikli operasyonlarla hedef ald\u0131.<\/p>\n<p>Askeri kaynak operasyonlarda onlarca ter\u00f6ristin ekipmanlar\u0131yla birlikte etkisiz hale getirildiklerini, bir k\u0131sm\u0131 a\u011f\u0131r makineli silahlarla donat\u0131lm\u0131\u015f bir\u00e7ok ara\u00e7lar\u0131n\u0131n da imha edildi\u011fini s\u00f6yledi.<\/p>\n<p><span style=\"color: #0000ff\">Deyrezzor\u2019da I\u015e\u0130D h\u00fccreleri \u0130mha Edildi<\/span><\/p>\n<p>Askeri kaynak ordu birliklerimizin Deyrezzor kenti Huveyka Semtinde s\u00f6zde \u201cIrak ve \u015eam \u0130slam Devleti\u201d adl\u0131 ter\u00f6r \u00f6rg\u00fct\u00fc h\u00fccre ve toplanma merkezlerine y\u00f6nelik d\u00fczenledi\u011fi operasyonlar sonucunda \u00e7ok say\u0131da I\u015e\u0130D ter\u00f6ristini \u00f6ld\u00fcrd\u00fcklerini s\u00f6yledi<\/p>\n<p>Kaynak, \u00f6len ter\u00f6ristler aras\u0131nda Irak uyruklu Behi\u00e7 Adnan ile \u0130nad S\u00fcleyman\u2019\u0131n bulundu\u011funu s\u00f6yledi.<\/p>\n<p>Kaynak, ordu birliklerimizin Sanayi, R\u00fc\u015fdiye ve Cebyele Semtleri ile kent k\u0131rsal\u0131ndaki Salihiye kentinde I\u015e\u0130D ter\u00f6r \u00f6rg\u00fct\u00fc \u00e7ok say\u0131da ter\u00f6risti \u00f6l\u00fc ve yaral\u0131 d\u00fc\u015f\u00fcrd\u00fcklerini ellerindeki baz\u0131 ara\u00e7 ve silahlar\u0131 da imha ettiklerini belirtti.<\/p>\n<p><span style=\"color: #0000ff\">Homs K\u0131rsal\u0131nda \u00c7ok Say\u0131da Ter\u00f6rist \u00d6l\u00fc ve Yaral\u0131 D\u00fc\u015f\u00fcr\u00fcld\u00fc<\/span><\/p>\n<p>Askeri kaynak ordu birliklerimizin Homs k\u0131rsal\u0131 Kefarlaha K\u00f6y\u00fcnde \u00e7ok say\u0131da ter\u00f6risti \u00f6ld\u00fcrd\u00fcklerini \u00f6len ter\u00f6ristler aras\u0131nda Abdulbari Ayya\u015f\u2019\u0131n bulundu\u011funu, Tel Abu el Senabil\u2019de de bir buldozeri imha ettiklerini s\u00f6yledi.<\/p>\n<p>Kaynak, birliklerimizin Homs do\u011fu k\u0131rsal\u0131ndaki Cebab Hamad K\u00f6y\u00fcn\u00fcn do\u011fusundaki ter\u00f6ristlere ait konvoy halindeki ara\u00e7lar\u0131 imha ettiklerini i\u00e7indeki ter\u00f6ristleri de \u00f6l\u00fc ve yaral\u0131 d\u00fc\u015f\u00fcrd\u00fcklerini s\u00f6yledi.<\/p>\n<p>Kaynak, ordu birliklerimizin Telbise, Ferhaniye, Kunaytrat ve G\u00fcney Ayn Hasan\u2019da ter\u00f6ristlerin toplanma merkzlerini hedef almalar\u0131 sonucunda \u00e7ok say\u0131da ter\u00f6risti \u00f6l\u00fc ve yaral\u0131 d\u00fc\u015f\u00fcrd\u00fcklerini ifade etti.<\/p>\n<p>\u00d6te yandan, ter\u00f6ristlerin Homs k\u0131rsal\u0131 Hule Karmis K\u00f6y\u00fcne f\u0131rlatt\u0131klar\u0131 havan roketleri sadece maddi zararlara yol a\u00e7t\u0131.<\/p>\n<p><span style=\"color: #0000ff\">Eski Homs Semtlerinin Birinde Bomba D\u00fczene\u011fi, Silah ve Cephane Deposu Ele Ge\u00e7irildi<\/span><\/p>\n<p>Ordu birliklerimiz bug\u00fcn Eski Homs Kenti Semtlerinden birinde ter\u00f6r \u00f6rg\u00fctlerinin kentten \u00e7\u0131kmadan \u00f6nce saklad\u0131klar\u0131 b\u00fcy\u00fck miktarda bomba d\u00fczenekleri, f\u00fcze ve havan mermileri i\u00e7eren bir depo buldu.<\/p>\n<p>Homs \u0130l Emniyet M\u00fcd\u00fcrl\u00fc\u011f\u00fc Kayna\u011f\u0131 SANA muhabirine a\u00e7\u0131klamas\u0131nda, deponun i\u00e7indeki muhtevan\u0131n, her biri 300 kg a\u011f\u0131rl\u0131\u011f\u0131nda ve i\u00e7i \u015fiddetli patlama g\u00fcc\u00fcne sahip C4 maddesiyle doldurulmu\u015f 5 bomba d\u00fczene\u011fi, 15 adet 120 mm ayar, 25 adet 82 mm havan mermisi, patlay\u0131c\u0131 maddeleriyle dolu bir arac\u0131n tekerlekleri, 2 adet el yap\u0131m\u0131 cehennem topu, 2 adet B10 F\u00fczesi ile bomba d\u00fczene\u011fi olmaya haz\u0131r bir grup f\u00fczenin bulundu\u011funu a\u00e7\u0131klad\u0131.<\/p>\n<p>Cephane Deposundan Kareler&#8230;<\/p>\n<div id='gallery-1' class='gallery galleryid-10377 gallery-columns-3 gallery-size-thumbnail'><figure class='gallery-item'>\n\t\t\t<div class='gallery-icon landscape'>\n\t\t\t\t<a href='https:\/\/archive.sana.sy\/tr\/wp-content\/uploads\/2014\/09\/Homs-1.jpg'><img loading=\"lazy\" decoding=\"async\" width=\"150\" height=\"120\" src=\"https:\/\/archive.sana.sy\/tr\/wp-content\/uploads\/2014\/09\/Homs-1-150x120.jpg\" class=\"attachment-thumbnail size-thumbnail\" alt=\"\" srcset=\"https:\/\/archive.sana.sy\/tr\/wp-content\/uploads\/2014\/09\/Homs-1-150x120.jpg 150w, https:\/\/archive.sana.sy\/tr\/wp-content\/uploads\/2014\/09\/Homs-1-300x240.jpg 300w, https:\/\/archive.sana.sy\/tr\/wp-content\/uploads\/2014\/09\/Homs-1.jpg 720w\" sizes=\"auto, (max-width: 150px) 100vw, 150px\" \/><\/a>\n\t\t\t<\/div><\/figure><figure class='gallery-item'>\n\t\t\t<div class='gallery-icon landscape'>\n\t\t\t\t<a href='https:\/\/archive.sana.sy\/tr\/wp-content\/uploads\/2014\/09\/Homs-2.jpg'><img loading=\"lazy\" decoding=\"async\" width=\"150\" height=\"120\" src=\"https:\/\/archive.sana.sy\/tr\/wp-content\/uploads\/2014\/09\/Homs-2-150x120.jpg\" class=\"attachment-thumbnail size-thumbnail\" alt=\"\" srcset=\"https:\/\/archive.sana.sy\/tr\/wp-content\/uploads\/2014\/09\/Homs-2-150x120.jpg 150w, https:\/\/archive.sana.sy\/tr\/wp-content\/uploads\/2014\/09\/Homs-2-300x240.jpg 300w, https:\/\/archive.sana.sy\/tr\/wp-content\/uploads\/2014\/09\/Homs-2.jpg 720w\" sizes=\"auto, (max-width: 150px) 100vw, 150px\" \/><\/a>\n\t\t\t<\/div><\/figure><figure class='gallery-item'>\n\t\t\t<div class='gallery-icon landscape'>\n\t\t\t\t<a href='https:\/\/archive.sana.sy\/tr\/wp-content\/uploads\/2014\/09\/Homs-3.jpg'><img loading=\"lazy\" decoding=\"async\" width=\"150\" height=\"105\" src=\"https:\/\/archive.sana.sy\/tr\/wp-content\/uploads\/2014\/09\/Homs-3-150x105.jpg\" class=\"attachment-thumbnail size-thumbnail\" alt=\"\" srcset=\"https:\/\/archive.sana.sy\/tr\/wp-content\/uploads\/2014\/09\/Homs-3-150x105.jpg 150w, https:\/\/archive.sana.sy\/tr\/wp-content\/uploads\/2014\/09\/Homs-3-300x211.jpg 300w, https:\/\/archive.sana.sy\/tr\/wp-content\/uploads\/2014\/09\/Homs-3.jpg 654w\" sizes=\"auto, (max-width: 150px) 100vw, 150px\" \/><\/a>\n\t\t\t<\/div><\/figure><figure class='gallery-item'>\n\t\t\t<div class='gallery-icon landscape'>\n\t\t\t\t<a href='https:\/\/archive.sana.sy\/tr\/wp-content\/uploads\/2014\/09\/Homs-4.jpg'><img loading=\"lazy\" decoding=\"async\" width=\"150\" height=\"120\" src=\"https:\/\/archive.sana.sy\/tr\/wp-content\/uploads\/2014\/09\/Homs-4-150x120.jpg\" class=\"attachment-thumbnail size-thumbnail\" alt=\"\" srcset=\"https:\/\/archive.sana.sy\/tr\/wp-content\/uploads\/2014\/09\/Homs-4-150x120.jpg 150w, https:\/\/archive.sana.sy\/tr\/wp-content\/uploads\/2014\/09\/Homs-4-300x240.jpg 300w, https:\/\/archive.sana.sy\/tr\/wp-content\/uploads\/2014\/09\/Homs-4.jpg 720w\" sizes=\"auto, (max-width: 150px) 100vw, 150px\" \/><\/a>\n\t\t\t<\/div><\/figure><figure class='gallery-item'>\n\t\t\t<div class='gallery-icon landscape'>\n\t\t\t\t<a href='https:\/\/archive.sana.sy\/tr\/wp-content\/uploads\/2014\/09\/Homs-5.jpg'><img loading=\"lazy\" decoding=\"async\" width=\"150\" height=\"120\" src=\"https:\/\/archive.sana.sy\/tr\/wp-content\/uploads\/2014\/09\/Homs-5-150x120.jpg\" class=\"attachment-thumbnail size-thumbnail\" alt=\"\" srcset=\"https:\/\/archive.sana.sy\/tr\/wp-content\/uploads\/2014\/09\/Homs-5-150x120.jpg 150w, https:\/\/archive.sana.sy\/tr\/wp-content\/uploads\/2014\/09\/Homs-5-300x240.jpg 300w, https:\/\/archive.sana.sy\/tr\/wp-content\/uploads\/2014\/09\/Homs-5.jpg 720w\" sizes=\"auto, (max-width: 150px) 100vw, 150px\" \/><\/a>\n\t\t\t<\/div><\/figure><figure class='gallery-item'>\n\t\t\t<div class='gallery-icon landscape'>\n\t\t\t\t<a href='https:\/\/archive.sana.sy\/tr\/wp-content\/uploads\/2014\/09\/Homs-6.jpg'><img loading=\"lazy\" decoding=\"async\" width=\"150\" height=\"120\" src=\"https:\/\/archive.sana.sy\/tr\/wp-content\/uploads\/2014\/09\/Homs-6-150x120.jpg\" class=\"attachment-thumbnail size-thumbnail\" alt=\"\" srcset=\"https:\/\/archive.sana.sy\/tr\/wp-content\/uploads\/2014\/09\/Homs-6-150x120.jpg 150w, https:\/\/archive.sana.sy\/tr\/wp-content\/uploads\/2014\/09\/Homs-6-300x240.jpg 300w, https:\/\/archive.sana.sy\/tr\/wp-content\/uploads\/2014\/09\/Homs-6.jpg 720w\" sizes=\"auto, (max-width: 150px) 100vw, 150px\" \/><\/a>\n\t\t\t<\/div><\/figure>\n\t\t<\/div>\n\n<p><span style=\"color: #0000ff\">Halep ve K\u0131rsal\u0131nda Ter\u00f6ristlerin Cephane Deposu \u0130mha Edildi<\/span><\/p>\n<p>Askeri kaynak, ordu birliklerimizin Halep ve k\u0131rsal\u0131n\u0131n Havut, Azize Ba\u011flar\u0131, Gayur Bulvar\u0131, Vudeyhi ve S\u00fckkeri el Rebi Salonu \u00e7evresinde ter\u00f6ristlerin toplanma merkezlerini hedef almalar\u0131 sonucunda \u00e7ok say\u0131da ter\u00f6risti \u00f6l\u00fc ve yaral\u0131 d\u00fc\u015f\u00fcrd\u00fcklerini belirtti.<\/p>\n<p>Kaynak, ordu birliklerimizin Halep Sefire Hanaser eksenindeki \u015eeyh Mahmut Mezras\u0131nda ter\u00f6ristlere ait bir cephane deposunu imha ettiklerini Sfeyra yak\u0131nlar\u0131ndaki Anka\u015f B\u00f6lgesinde de ter\u00f6ristlerin b\u00fcy\u00fck \u00e7o\u011funlu\u011funu \u00f6ld\u00fcrd\u00fcklerini ekledi.<\/p>\n<p>Birliklerimiz ayr\u0131ca, Babis, Kastillo ve Anadan\u2019da baz\u0131lar\u0131 a\u011f\u0131r taramal\u0131 silahlarla donat\u0131lm\u0131\u015f ter\u00f6ristlere ait ara\u00e7lar\u0131 i\u00e7indeki ter\u00f6ristlerle beraber etkisiz hale getirdiklerini s\u00f6yledi.<\/p>\n<p><span style=\"color: #0000ff\">Dera K\u0131rsal\u0131nda S\u0131zma Giri\u015fimleri \u00c7\u00f6kertildi<\/span><\/p>\n<p>Askeri kaynak, ordu birliklerimizin Dera k\u0131rsal\u0131 Tel el Alakiye\u2019nin kuzeyi, Naime Beldesi ve Ataman\u2019da ter\u00f6ristlerin toplanma merkezlerini hedef almalar\u0131 sonucunda \u00e7ok say\u0131da ter\u00f6risti \u00f6l\u00fc ve yaral\u0131 d\u00fc\u015f\u00fcrd\u00fcklerini ifade etti.<\/p>\n<p>Kaynak, birliklerimizin Dera Beled Abazeyd Semtinde \u00e7ok say\u0131da ter\u00f6risti \u00f6l\u00fc ve yaral\u0131 d\u00fc\u015f\u00fcrd\u00fcklerini baz\u0131 ara\u00e7lar\u0131n\u0131 da imha ettiklerini s\u00f6yledi.<\/p>\n<p>Kaynak, ordu birliklerimizin ayr\u0131ca Dera k\u0131rsal\u0131 Busra el \u015eam kentinin bat\u0131 Semtine ter\u00f6ristlerin s\u0131zma giri\u015fimlerini \u00e7\u00f6kerttiklerini \u00e7\u0131kan \u00e7at\u0131\u015fma sonucunda \u00e7ok say\u0131da ter\u00f6ristin \u00f6l\u00fc ve yaral\u0131 d\u00fc\u015f\u00fcr\u00fcld\u00fcklerini ifade etti.<\/p>\n<p>Kaynak ordu birliklerimizin Dera k\u0131rsal\u0131n\u0131n \u015eera Cemlan, Deyr el Ades, Ayn el Tiyne b\u00f6lgelerinde \u00e7ok say\u0131da ter\u00f6risti \u00f6ld\u00fcr\u00fcp 4X4 \u00e7eker bir ara\u00e7lar\u0131n\u0131 imha ettiklerini belirtti.<\/p>\n<p>Kaynak Etman ile Tafas beldeleri aras\u0131nda da ter\u00f6ristleri ta\u015f\u0131yan bir arac\u0131n imha edildi\u011fini s\u00f6yledi.<\/p>\n<p>Ordu birliklerimizin Dera Beled B\u00f6lgesinde ter\u00f6ristlerin s\u0131zma giri\u015fimlerini \u00e7\u00f6kerttiklerini aktaran kaynak, \u00e7at\u0131\u015fmada sald\u0131rganlar\u0131n b\u00fcy\u00fck \u00e7o\u011funlu\u011funun \u00f6l\u00fc yaral\u0131 d\u00fc\u015f\u00fcr\u00fcld\u00fcklerini s\u00f6yledi.<\/p>\n<p>Dera do\u011fu k\u0131rsal\u0131nda Maaraba beldesinde ordu birliklerimiz Nusra Cephesi ter\u00f6r \u00f6rg\u00fct\u00fcn eleba\u015flar\u0131n\u0131n kulland\u0131\u011f\u0131 bir yuvay\u0131 yok etti.<\/p>\n<p>Kaynak, ordu birliklerimizin Dera\u2019ya ba\u011fl\u0131 Basra beldesinin bat\u0131 mahallesi yan\u0131 s\u0131ra Beka, Resas, S\u0131le b\u00f6lgelerinde yapt\u0131\u011f\u0131 operasyonlarda \u00e7ok say\u0131da ter\u00f6risti \u00f6l\u00fc ve yaral\u0131 olarak d\u00fc\u015f\u00fcrd\u00fc\u011f\u00fcn\u00fc, cephaneliklerini yok etti\u011fini bildirdi.<\/p>\n<p><span style=\"color: #0000ff\">S\u00fcveyda\u2019n\u0131n Dera \u0130li S\u0131n\u0131rlar\u0131na Yak\u0131n B\u00f6lgelerde Ter\u00f6ristler \u00d6ld\u00fcr\u00fcld\u00fc<\/span><\/p>\n<p>\u00d6te yandan askeri kaynak Ordu birliklerimizin S\u00fcveyda k\u0131rsal\u0131n\u0131n Dera il s\u0131n\u0131rlar\u0131na yak\u0131n Tel Mansib ve Dama K\u00f6y\u00fcnde \u00e7ok say\u0131da ter\u00f6risti ekipmanlar\u0131yla birlikte etkisiz hale getirdiklerini s\u00f6yledi.<\/p>\n<p><span style=\"color: #0000ff\">\u0130dlib K\u0131rsal\u0131nda \u00c7ok Say\u0131da Ter\u00f6rist Ara\u00e7lar\u0131yla Etkisiz Hale Getirildi<\/span><\/p>\n<p>Askeri kaynak, ordu birliklerimizin \u0130dlib k\u0131rsal\u0131 Cebel el Arbain da\u011f\u0131 \u00e7evresi, Benni\u015f, Humeymat el Dayir, Tel Selmo ve Abu el Duhur\u2019da ter\u00f6ristlerin toplanma merkzlerini hedef almalar\u0131 sonucunda \u00e7ok say\u0131da ter\u00f6risti \u00f6l\u00fc ve yaral\u0131 d\u00fc\u015f\u00fcrd\u00fcklerini ifade etti.<\/p>\n<p>Kaynak, birliklerimizin Deyr Sunbul Beldesi \u00e7evresinde a\u011f\u0131r taramal\u0131 silahlarla donat\u0131lm\u0131\u015f iki ara\u00e7lar\u0131n\u0131 imha etmesi yan\u0131 s\u0131ra onlarca ter\u00f6risti \u00f6l\u00fc ve yaral\u0131 d\u00fc\u015f\u00fcrd\u00fcklerini belirtti.<\/p>\n","protected":false},"excerpt":{"rendered":"<p>\u0130LLER \u2013 Kahraman ordu birliklerimizin silahl\u0131 ve kiral\u0131k ter\u00f6ristlere y\u00f6nelik d\u00fczenledi\u011fi bir dizi operasyon sonucunda \u00e7ok say\u0131da yabanc\u0131 uyruklu I\u015e\u0130D eleman\u0131n\u0131n bulundu\u011fu ter\u00f6risti \u00f6ld\u00fcrerek ellerindeki silah, cephane, te\u00e7hizat ve ara\u00e7lar\u0131 imha etti. \u015eam K\u0131rsal\u0131nda Operasyonlar Devam Ediyor Vatan koruyucular\u0131 ordu birliklerimiz \u015eam k\u0131rsal\u0131n\u0131n muhtelif b\u00f6lgelerinde ter\u00f6r \u00e7etelere kar\u015f\u0131 operasyonlar\u0131n\u0131 ba\u015far\u0131yla s\u00fcrd\u00fcr\u00fcrken, Han el \u015eih, Dareyya, &hellip;<\/p>\n","protected":false},"author":1,"featured_media":10388,"comment_status":"closed","ping_status":"closed","sticky":false,"template":"","format":"standard","meta":{"footnotes":""},"categories":[575],"tags":[2394,2407,2405,2404,2406],"class_list":["post-10377","post","type-post","status-publish","format-standard","has-post-thumbnail","","category-olaylar-ve-gercekler","tag-cok-sayida","tag-ele-gecirildi","tag-homsta","tag-isid-teroristi-olduruldu","tag-silah-deposu"],"_links":{"self":[{"href":"https:\/\/archive.sana.sy\/tr\/index.php?rest_route=\/wp\/v2\/posts\/10377","targetHints":{"allow":["GET"]}}],"collection":[{"href":"https:\/\/archive.sana.sy\/tr\/index.php?rest_route=\/wp\/v2\/posts"}],"about":[{"href":"https:\/\/archive.sana.sy\/tr\/index.php?rest_route=\/wp\/v2\/types\/post"}],"author":[{"embeddable":true,"href":"https:\/\/archive.sana.sy\/tr\/index.php?rest_route=\/wp\/v2\/users\/1"}],"replies":[{"embeddable":true,"href":"https:\/\/archive.sana.sy\/tr\/index.php?rest_route=%2Fwp%2Fv2%2Fcomments&post=10377"}],"version-history":[{"count":0,"href":"https:\/\/archive.sana.sy\/tr\/index.php?rest_route=\/wp\/v2\/posts\/10377\/revisions"}],"wp:featuredmedia":[{"embeddable":true,"href":"https:\/\/archive.sana.sy\/tr\/index.php?rest_route=\/wp\/v2\/media\/10388"}],"wp:attachment":[{"href":"https:\/\/archive.sana.sy\/tr\/index.php?rest_route=%2Fwp%2Fv2%2Fmedia&parent=10377"}],"wp:term":[{"taxonomy":"category","embeddable":true,"href":"https:\/\/archive.sana.sy\/tr\/index.php?rest_route=%2Fwp%2Fv2%2Fcategories&post=10377"},{"taxonomy":"post_tag","embeddable":true,"href":"https:\/\/archive.sana.sy\/tr\/index.php?rest_route=%2Fwp%2Fv2%2Ftags&post=10377"}],"curies":[{"name":"wp","href":"https:\/\/api.w.org\/{rel}","templated":true}]}}