{"id":103809,"date":"2017-02-03T21:31:21","date_gmt":"2017-02-03T19:31:21","guid":{"rendered":"http:\/\/www.sana.sy\/tr\/?p=103809"},"modified":"2017-02-04T09:43:17","modified_gmt":"2017-02-04T07:43:17","slug":"syria-mod-fuari-suriyeli-sanayicilerin-uretim-iradesi-ve-israrini-yansitiyor","status":"publish","type":"post","link":"https:\/\/archive.sana.sy\/tr\/?p=103809","title":{"rendered":"Syria Mod Fuar\u0131 Suriyeli Sanayicilerin \u00dcretim \u0130radesi ve Israr\u0131n\u0131 Yans\u0131t\u0131yor"},"content":{"rendered":"<p>BEYRUT \u2013 L\u00fcbnan\u2019\u0131n Ba\u015fkenti Beyrut\u2019ta Uluslararas\u0131 Fuar Merkezi BIEL\u2019de Suriyeli 125 \u015firketin kat\u0131l\u0131m\u0131yla d\u00fczenlenen Syria Mod Giyim Dokuma ve Tekstil Fuar\u0131 faaliyetlerine ba\u015flad\u0131.<\/p>\n<p><a href=\"http:\/\/www.sana.sy\/tr\/wp-content\/uploads\/2017\/02\/2-13.jpg\"><img loading=\"lazy\" decoding=\"async\" class=\"alignright wp-image-103812 size-medium\" src=\"http:\/\/www.sana.sy\/tr\/wp-content\/uploads\/2017\/02\/2-13-300x200.jpg\" width=\"300\" height=\"200\" srcset=\"https:\/\/archive.sana.sy\/tr\/wp-content\/uploads\/2017\/02\/2-13-300x200.jpg 300w, https:\/\/archive.sana.sy\/tr\/wp-content\/uploads\/2017\/02\/2-13-150x100.jpg 150w, https:\/\/archive.sana.sy\/tr\/wp-content\/uploads\/2017\/02\/2-13.jpg 660w\" sizes=\"auto, (max-width: 300px) 100vw, 300px\" \/><\/a>Suriye Giyim ve Tekstil \u0130hracat\u00e7\u0131lar\u0131 Derne\u011finin, Suriye \u0130hracat\u00e7\u0131lar Birli\u011fi, Ulusal \u00dcretimi Destekleme Kurumu, \u015eam ve \u015eam K\u0131rsal\u0131 Sanayi Odas\u0131 ile i\u015fbirli\u011fi i\u00e7erisinde d\u00fczenledi\u011fi fuar\u0131nda sergilenen kad\u0131n, erkek ve \u00e7ocuk giyim stantlar\u0131 ilk g\u00fcnden itibaren b\u00fcy\u00fck bir ilgi ve be\u011feni ile kar\u015f\u0131land\u0131.<\/p>\n<p>Yakla\u015f\u0131k 4000 metrekare alanda kurulan fuarda deri giyim, \u00e7i\u00e7ek, bitki, s\u00fcs e\u015fyas\u0131 ve plastik sanat \u00fcr\u00fcnlerin sergilendi\u011fi stantlarda yer al\u0131yor.<\/p>\n<p>Fuar\u0131n a\u00e7\u0131l\u0131\u015f\u0131na kat\u0131lan L\u00fcbnan Sanayi Bakan\u0131 H\u00fcseyin el Hac el Hasan, 9 y\u0131ld\u0131r ara vermeden her y\u0131l d\u00fczenlenen Syria Mod fuar\u0131n\u0131n bu y\u0131l da b\u00fcy\u00fck bir ba\u015far\u0131 ile noktalanaca\u011f\u0131na inand\u0131\u011f\u0131n\u0131 dile getirerek ayr\u0131ca Suriye\u2019de b\u00fct\u00fcn ter\u00f6r sald\u0131r\u0131lar\u0131 ve uluslararas\u0131 tek tarafl\u0131 ekonomik yapt\u0131r\u0131mlara ra\u011fmen \u00fcretimin s\u00fcrd\u00fc\u011f\u00fcn\u00fc kan\u0131tlamas\u0131 y\u00f6n\u00fcyle bu fuar\u0131n ayr\u0131 bir anlam ve \u00f6nem ta\u015f\u0131d\u0131\u011f\u0131n\u0131 belirtti.<\/p>\n<p>Fuar\u0131n Suriye\u2019de zafer destanlar\u0131n\u0131n yaz\u0131ld\u0131\u011f\u0131 ve b\u00fct\u00fcn d\u00fcnyan\u0131n bu zaferler kar\u015f\u0131s\u0131nda sayg\u0131yla e\u011fildi\u011fi bir d\u00f6neme denk geldi\u011fine i\u015faret eden Hasan; Halep, \u015eam ve K\u0131rsallar\u0131nda ter\u00f6re kar\u015f\u0131 ard\u0131 ard\u0131na kazan\u0131lan zaferlerin fuara co\u015fku ve heyecan olarak yans\u0131d\u0131\u011f\u0131n\u0131 vurgulad\u0131.<\/p>\n<p>Fuarda sergilenen \u00fcr\u00fcnlerin zengin \u00e7e\u015fit ve kalite niteli\u011finin Suriye halk\u0131 ve ekonomisinin g\u00fcc\u00fcn\u00fc ve direngenli\u011fini yans\u0131tt\u0131\u011f\u0131n\u0131 ifade eden L\u00fcbnanl\u0131 Bakan Hasan; Suriye Arap Ordusunun ter\u00f6re kar\u015f\u0131 kazand\u0131\u011f\u0131 zaferlerin b\u00fct\u00fcn \u00fclke topraklar\u0131na yay\u0131lacak \u015fekilde s\u00fcrmesi temennisinde bulundu.<\/p>\n<p><a href=\"http:\/\/www.sana.sy\/tr\/wp-content\/uploads\/2017\/02\/1-19.jpg\"><img loading=\"lazy\" decoding=\"async\" class=\"alignright wp-image-103814 size-medium\" src=\"http:\/\/www.sana.sy\/tr\/wp-content\/uploads\/2017\/02\/1-19-300x200.jpg\" width=\"300\" height=\"200\" srcset=\"https:\/\/archive.sana.sy\/tr\/wp-content\/uploads\/2017\/02\/1-19-300x200.jpg 300w, https:\/\/archive.sana.sy\/tr\/wp-content\/uploads\/2017\/02\/1-19-150x100.jpg 150w, https:\/\/archive.sana.sy\/tr\/wp-content\/uploads\/2017\/02\/1-19.jpg 660w\" sizes=\"auto, (max-width: 300px) 100vw, 300px\" \/><\/a>Di\u011fer taraftan Suriye\u2019nin Beyrut B\u00fcy\u00fckel\u00e7isi Ala Abd\u00fclkerim, Syria Mod Fuar\u0131n\u0131n Suriyeli sanayicilerin, b\u00f6lgede onur ve ulusal egemenli\u011fin h\u00fck\u00fcm s\u00fcrmesini isteyen devletlerle i\u015fbirli\u011fi ve ticari ili\u015fkilerini s\u00fcrd\u00fcrmedeki iradelerini yans\u0131tt\u0131\u011f\u0131n\u0131 ifade ederek bu fuar\u0131n ayn\u0131 zamanda Suriye\u2019yi y\u0131kmaya \u00e7al\u0131\u015fan b\u00fct\u00fcn g\u00fc\u00e7lerin ve bu g\u00fc\u00e7lerin Bat\u0131, ABD, \u0130srail projelerindeki misyonlar\u0131n\u0131n hezimetle sonu\u00e7land\u0131\u011f\u0131n\u0131n kan\u0131t\u0131 oldu\u011fun ibraz etti.<\/p>\n<p>Halep, \u015eam ve di\u011fer b\u00f6lgelerde ter\u00f6re kar\u015f\u0131 kazan\u0131lan zaferlerin Suriye halk\u0131, sanayicileri ve b\u00fct\u00fcn kesimlerinde birlik ve beraberli\u011fi somutlad\u0131\u011f\u0131n\u0131 ve ispatlad\u0131\u011f\u0131n\u0131n alt\u0131n\u0131 \u00e7izen B\u00fcy\u00fckel\u00e7i Abd\u00fclkerim; Suriyeli sanayicilerin \u00fcretim ve vatanseverlikte sergiledi\u011fi bu iradenin Suriye\u2019nin gelece\u011fini in\u015fa edecek irade oldu\u011funu ekledi.<\/p>\n<p>Abd\u00fclrekim, Suriyeli sanayicilerin bu fuarla, \u00f6n\u00fcm\u00fczdeki y\u0131l \u015eam\u2019da daha g\u00fc\u00e7l\u00fc ve b\u00fcy\u00fck bir fuar d\u00fczenleyeceklerini yans\u0131tt\u0131klar\u0131na dikkat \u00e7ekerek Suriye\u2019nin, yan\u0131nda duran b\u00fct\u00fcn d\u00fcnya \u00f6zg\u00fcrleri ve onurlu insanlar\u0131yla birlikte ter\u00f6re kar\u015f\u0131 nihai ve \u015fanl\u0131 zaferini ilan etmeye haz\u0131rland\u0131\u011f\u0131n\u0131 vurgulad\u0131.<\/p>\n<div id='gallery-1' class='gallery galleryid-103809 gallery-columns-3 gallery-size-thumbnail'><figure class='gallery-item'>\n\t\t\t<div class='gallery-icon landscape'>\n\t\t\t\t<a href='https:\/\/archive.sana.sy\/tr\/wp-content\/uploads\/2017\/02\/8.jpg'><img loading=\"lazy\" decoding=\"async\" width=\"150\" height=\"100\" src=\"https:\/\/archive.sana.sy\/tr\/wp-content\/uploads\/2017\/02\/8-150x100.jpg\" class=\"attachment-thumbnail size-thumbnail\" alt=\"\" srcset=\"https:\/\/archive.sana.sy\/tr\/wp-content\/uploads\/2017\/02\/8-150x100.jpg 150w, https:\/\/archive.sana.sy\/tr\/wp-content\/uploads\/2017\/02\/8-300x200.jpg 300w, https:\/\/archive.sana.sy\/tr\/wp-content\/uploads\/2017\/02\/8-310x205.jpg 310w, https:\/\/archive.sana.sy\/tr\/wp-content\/uploads\/2017\/02\/8.jpg 660w\" sizes=\"auto, (max-width: 150px) 100vw, 150px\" \/><\/a>\n\t\t\t<\/div><\/figure><figure class='gallery-item'>\n\t\t\t<div class='gallery-icon landscape'>\n\t\t\t\t<a href='https:\/\/archive.sana.sy\/tr\/wp-content\/uploads\/2017\/02\/9.jpg'><img loading=\"lazy\" decoding=\"async\" width=\"150\" height=\"75\" src=\"https:\/\/archive.sana.sy\/tr\/wp-content\/uploads\/2017\/02\/9-150x75.jpg\" class=\"attachment-thumbnail size-thumbnail\" alt=\"\" srcset=\"https:\/\/archive.sana.sy\/tr\/wp-content\/uploads\/2017\/02\/9-150x75.jpg 150w, https:\/\/archive.sana.sy\/tr\/wp-content\/uploads\/2017\/02\/9-300x150.jpg 300w, https:\/\/archive.sana.sy\/tr\/wp-content\/uploads\/2017\/02\/9.jpg 660w\" sizes=\"auto, (max-width: 150px) 100vw, 150px\" \/><\/a>\n\t\t\t<\/div><\/figure><figure class='gallery-item'>\n\t\t\t<div class='gallery-icon landscape'>\n\t\t\t\t<a href='https:\/\/archive.sana.sy\/tr\/wp-content\/uploads\/2017\/02\/11-1.jpg'><img loading=\"lazy\" decoding=\"async\" width=\"150\" height=\"100\" src=\"https:\/\/archive.sana.sy\/tr\/wp-content\/uploads\/2017\/02\/11-1-150x100.jpg\" class=\"attachment-thumbnail size-thumbnail\" alt=\"\" srcset=\"https:\/\/archive.sana.sy\/tr\/wp-content\/uploads\/2017\/02\/11-1-150x100.jpg 150w, https:\/\/archive.sana.sy\/tr\/wp-content\/uploads\/2017\/02\/11-1-300x200.jpg 300w, https:\/\/archive.sana.sy\/tr\/wp-content\/uploads\/2017\/02\/11-1-768x512.jpg 768w, https:\/\/archive.sana.sy\/tr\/wp-content\/uploads\/2017\/02\/11-1-310x205.jpg 310w, https:\/\/archive.sana.sy\/tr\/wp-content\/uploads\/2017\/02\/11-1.jpg 960w\" sizes=\"auto, (max-width: 150px) 100vw, 150px\" \/><\/a>\n\t\t\t<\/div><\/figure><figure class='gallery-item'>\n\t\t\t<div class='gallery-icon landscape'>\n\t\t\t\t<a href='https:\/\/archive.sana.sy\/tr\/wp-content\/uploads\/2017\/02\/1-20.jpg'><img loading=\"lazy\" decoding=\"async\" width=\"150\" height=\"100\" src=\"https:\/\/archive.sana.sy\/tr\/wp-content\/uploads\/2017\/02\/1-20-150x100.jpg\" class=\"attachment-thumbnail size-thumbnail\" alt=\"\" srcset=\"https:\/\/archive.sana.sy\/tr\/wp-content\/uploads\/2017\/02\/1-20-150x100.jpg 150w, https:\/\/archive.sana.sy\/tr\/wp-content\/uploads\/2017\/02\/1-20-300x200.jpg 300w, https:\/\/archive.sana.sy\/tr\/wp-content\/uploads\/2017\/02\/1-20-310x205.jpg 310w, https:\/\/archive.sana.sy\/tr\/wp-content\/uploads\/2017\/02\/1-20.jpg 660w\" sizes=\"auto, (max-width: 150px) 100vw, 150px\" \/><\/a>\n\t\t\t<\/div><\/figure><figure class='gallery-item'>\n\t\t\t<div class='gallery-icon landscape'>\n\t\t\t\t<a href='https:\/\/archive.sana.sy\/tr\/wp-content\/uploads\/2017\/02\/3-8.jpg'><img loading=\"lazy\" decoding=\"async\" width=\"150\" height=\"100\" src=\"https:\/\/archive.sana.sy\/tr\/wp-content\/uploads\/2017\/02\/3-8-150x100.jpg\" class=\"attachment-thumbnail size-thumbnail\" alt=\"\" srcset=\"https:\/\/archive.sana.sy\/tr\/wp-content\/uploads\/2017\/02\/3-8-150x100.jpg 150w, https:\/\/archive.sana.sy\/tr\/wp-content\/uploads\/2017\/02\/3-8-300x200.jpg 300w, https:\/\/archive.sana.sy\/tr\/wp-content\/uploads\/2017\/02\/3-8-310x205.jpg 310w, https:\/\/archive.sana.sy\/tr\/wp-content\/uploads\/2017\/02\/3-8.jpg 660w\" sizes=\"auto, (max-width: 150px) 100vw, 150px\" \/><\/a>\n\t\t\t<\/div><\/figure><figure class='gallery-item'>\n\t\t\t<div class='gallery-icon landscape'>\n\t\t\t\t<a href='https:\/\/archive.sana.sy\/tr\/wp-content\/uploads\/2017\/02\/4-8.jpg'><img loading=\"lazy\" decoding=\"async\" width=\"150\" height=\"100\" src=\"https:\/\/archive.sana.sy\/tr\/wp-content\/uploads\/2017\/02\/4-8-150x100.jpg\" class=\"attachment-thumbnail size-thumbnail\" alt=\"\" srcset=\"https:\/\/archive.sana.sy\/tr\/wp-content\/uploads\/2017\/02\/4-8-150x100.jpg 150w, https:\/\/archive.sana.sy\/tr\/wp-content\/uploads\/2017\/02\/4-8-300x200.jpg 300w, https:\/\/archive.sana.sy\/tr\/wp-content\/uploads\/2017\/02\/4-8-310x205.jpg 310w, https:\/\/archive.sana.sy\/tr\/wp-content\/uploads\/2017\/02\/4-8.jpg 660w\" sizes=\"auto, (max-width: 150px) 100vw, 150px\" \/><\/a>\n\t\t\t<\/div><\/figure><figure class='gallery-item'>\n\t\t\t<div class='gallery-icon landscape'>\n\t\t\t\t<a href='https:\/\/archive.sana.sy\/tr\/wp-content\/uploads\/2017\/02\/6-5.jpg'><img loading=\"lazy\" decoding=\"async\" width=\"150\" height=\"100\" src=\"https:\/\/archive.sana.sy\/tr\/wp-content\/uploads\/2017\/02\/6-5-150x100.jpg\" class=\"attachment-thumbnail size-thumbnail\" alt=\"\" srcset=\"https:\/\/archive.sana.sy\/tr\/wp-content\/uploads\/2017\/02\/6-5-150x100.jpg 150w, https:\/\/archive.sana.sy\/tr\/wp-content\/uploads\/2017\/02\/6-5-300x200.jpg 300w, https:\/\/archive.sana.sy\/tr\/wp-content\/uploads\/2017\/02\/6-5-310x205.jpg 310w, https:\/\/archive.sana.sy\/tr\/wp-content\/uploads\/2017\/02\/6-5.jpg 660w\" sizes=\"auto, (max-width: 150px) 100vw, 150px\" \/><\/a>\n\t\t\t<\/div><\/figure>\n\t\t<\/div>\n\n","protected":false},"excerpt":{"rendered":"<p>BEYRUT \u2013 L\u00fcbnan\u2019\u0131n Ba\u015fkenti Beyrut\u2019ta Uluslararas\u0131 Fuar Merkezi BIEL\u2019de Suriyeli 125 \u015firketin kat\u0131l\u0131m\u0131yla d\u00fczenlenen Syria Mod Giyim Dokuma ve Tekstil Fuar\u0131 faaliyetlerine ba\u015flad\u0131. Suriye Giyim ve Tekstil \u0130hracat\u00e7\u0131lar\u0131 Derne\u011finin, Suriye \u0130hracat\u00e7\u0131lar Birli\u011fi, Ulusal \u00dcretimi Destekleme Kurumu, \u015eam ve \u015eam K\u0131rsal\u0131 Sanayi Odas\u0131 ile i\u015fbirli\u011fi i\u00e7erisinde d\u00fczenledi\u011fi fuar\u0131nda sergilenen kad\u0131n, erkek ve \u00e7ocuk giyim stantlar\u0131 ilk &hellip;<\/p>\n","protected":false},"author":1,"featured_media":103810,"comment_status":"closed","ping_status":"closed","sticky":false,"template":"","format":"standard","meta":{"footnotes":""},"categories":[485,596,486,479,17988,478],"tags":[27299,27298],"class_list":["post-103809","post","type-post","status-publish","format-standard","has-post-thumbnail","","category-is-ve-sermaye","category-fotografli-raporlar","category-haberler-is-ve-sermaye","category-haberler-yerel","category-son-haberler","category-yerel","tag-beyrut-lubnanin-baskenti-beyrutta-uluslararasi-fuar-merkezi-bielde-suriyeli-125-sirketin-katilimiyla-duzenlenen-syria-mod-giyim-dokuma-ve-tekstil-fuari-faaliyetler","tag-syria-mod-fuari-suriyeli-sanayicilerin-uretim-iradesi-ve-israrini-yansitiyor"],"_links":{"self":[{"href":"https:\/\/archive.sana.sy\/tr\/index.php?rest_route=\/wp\/v2\/posts\/103809","targetHints":{"allow":["GET"]}}],"collection":[{"href":"https:\/\/archive.sana.sy\/tr\/index.php?rest_route=\/wp\/v2\/posts"}],"about":[{"href":"https:\/\/archive.sana.sy\/tr\/index.php?rest_route=\/wp\/v2\/types\/post"}],"author":[{"embeddable":true,"href":"https:\/\/archive.sana.sy\/tr\/index.php?rest_route=\/wp\/v2\/users\/1"}],"replies":[{"embeddable":true,"href":"https:\/\/archive.sana.sy\/tr\/index.php?rest_route=%2Fwp%2Fv2%2Fcomments&post=103809"}],"version-history":[{"count":0,"href":"https:\/\/archive.sana.sy\/tr\/index.php?rest_route=\/wp\/v2\/posts\/103809\/revisions"}],"wp:featuredmedia":[{"embeddable":true,"href":"https:\/\/archive.sana.sy\/tr\/index.php?rest_route=\/wp\/v2\/media\/103810"}],"wp:attachment":[{"href":"https:\/\/archive.sana.sy\/tr\/index.php?rest_route=%2Fwp%2Fv2%2Fmedia&parent=103809"}],"wp:term":[{"taxonomy":"category","embeddable":true,"href":"https:\/\/archive.sana.sy\/tr\/index.php?rest_route=%2Fwp%2Fv2%2Fcategories&post=103809"},{"taxonomy":"post_tag","embeddable":true,"href":"https:\/\/archive.sana.sy\/tr\/index.php?rest_route=%2Fwp%2Fv2%2Ftags&post=103809"}],"curies":[{"name":"wp","href":"https:\/\/api.w.org\/{rel}","templated":true}]}}