{"id":103824,"date":"2017-02-03T22:00:56","date_gmt":"2017-02-03T20:00:56","guid":{"rendered":"http:\/\/www.sana.sy\/tr\/?p=103824"},"modified":"2017-02-04T12:10:51","modified_gmt":"2017-02-04T10:10:51","slug":"rusya-sam-buyukelciligini-hedef-alan-teror-saldirisini-siddetle-kinadi","status":"publish","type":"post","link":"https:\/\/archive.sana.sy\/tr\/?p=103824","title":{"rendered":"Ter\u00f6ristlerin Cobar&#8217;dan Sald\u0131rd\u0131klar\u0131 Tespit Edildi"},"content":{"rendered":"<p>MOSKOVA \u2013 Rusya, \u015eam\u2019da bulunan b\u00fcy\u00fckel\u00e7ilik binas\u0131n\u0131n, Covbar semtinde bulunan silahl\u0131 ter\u00f6r gruplar\u0131 taraf\u0131ndan roket sald\u0131r\u0131s\u0131na maruz kalmas\u0131n\u0131 \u015fiddetle k\u0131nad\u0131.<\/p>\n<p>Rusya D\u0131\u015fi\u015fleri Bakanl\u0131\u011f\u0131 yay\u0131nlad\u0131\u011f\u0131 resmi beyan\u0131nda \u015eam\u2019da bulunun Rusya B\u00fcy\u00fckel\u00e7ilik Binas\u0131n\u0131n ge\u00e7ti\u011fimiz Per\u015fembe ve Cuma g\u00fcnleri silahl\u0131 ter\u00f6r gruplar\u0131 taraf\u0131ndan d\u00fczenlenen havan sald\u0131r\u0131lar\u0131na maruz kald\u0131\u011f\u0131n\u0131 ifade ederek ter\u00f6r sald\u0131r\u0131lar\u0131 sonucunda \u015fans eseri can kayb\u0131 ya\u015fanmad\u0131\u011f\u0131n\u0131 ve sald\u0131r\u0131 sonucunun maddi hasarla s\u0131n\u0131rl\u0131 kald\u0131\u011f\u0131n\u0131 belirtti.<\/p>\n<p>Uluslararas\u0131 G\u00fcvenlik Konseyinden, ter\u00f6re finans ve silah deste\u011finin kesilmesi ile ilgili kararlar\u0131 uygulamas\u0131n\u0131 talep eden Rusya D\u0131\u015fi\u015fleri Bakanl\u0131\u011f\u0131; Uluslararas\u0131 Toplumun, ter\u00f6ristler taraf\u0131ndan ger\u00e7ekle\u015ftirilen tehlikeli provokasyona kar\u015f\u0131 gerekti\u011fi gibi tepki vermesi temennisini ekledi.<\/p>\n<p>Bakanl\u0131k beyan\u0131nda, \u015eam\u2019daki Rusya B\u00fcy\u00fckel\u00e7ilik binas\u0131n\u0131 hedef alan havan mermilerinin Covbar Semti tarafl\u0131ndan f\u0131rlat\u0131lm\u0131\u015f oldu\u011funun tespit edildi\u011fini ibraz etti.<\/p>\n","protected":false},"excerpt":{"rendered":"<p>MOSKOVA \u2013 Rusya, \u015eam\u2019da bulunan b\u00fcy\u00fckel\u00e7ilik binas\u0131n\u0131n, Covbar semtinde bulunan silahl\u0131 ter\u00f6r gruplar\u0131 taraf\u0131ndan roket sald\u0131r\u0131s\u0131na maruz kalmas\u0131n\u0131 \u015fiddetle k\u0131nad\u0131. Rusya D\u0131\u015fi\u015fleri Bakanl\u0131\u011f\u0131 yay\u0131nlad\u0131\u011f\u0131 resmi beyan\u0131nda \u015eam\u2019da bulunun Rusya B\u00fcy\u00fckel\u00e7ilik Binas\u0131n\u0131n ge\u00e7ti\u011fimiz Per\u015fembe ve Cuma g\u00fcnleri silahl\u0131 ter\u00f6r gruplar\u0131 taraf\u0131ndan d\u00fczenlenen havan sald\u0131r\u0131lar\u0131na maruz kald\u0131\u011f\u0131n\u0131 ifade ederek ter\u00f6r sald\u0131r\u0131lar\u0131 sonucunda \u015fans eseri can kayb\u0131 ya\u015fanmad\u0131\u011f\u0131n\u0131 &hellip;<\/p>\n","protected":false},"author":1,"featured_media":103825,"comment_status":"closed","ping_status":"closed","sticky":false,"template":"","format":"standard","meta":{"footnotes":""},"categories":[458,459,17988],"tags":[27300],"class_list":["post-103824","post","type-post","status-publish","format-standard","has-post-thumbnail","","category-dunya1","category-haberler-arap-uluslararasi-politika","category-son-haberler","tag-rusya-sam-buyukelciligini-hedef-alan-teror-saldirisini-siddetle-kinadi"],"_links":{"self":[{"href":"https:\/\/archive.sana.sy\/tr\/index.php?rest_route=\/wp\/v2\/posts\/103824","targetHints":{"allow":["GET"]}}],"collection":[{"href":"https:\/\/archive.sana.sy\/tr\/index.php?rest_route=\/wp\/v2\/posts"}],"about":[{"href":"https:\/\/archive.sana.sy\/tr\/index.php?rest_route=\/wp\/v2\/types\/post"}],"author":[{"embeddable":true,"href":"https:\/\/archive.sana.sy\/tr\/index.php?rest_route=\/wp\/v2\/users\/1"}],"replies":[{"embeddable":true,"href":"https:\/\/archive.sana.sy\/tr\/index.php?rest_route=%2Fwp%2Fv2%2Fcomments&post=103824"}],"version-history":[{"count":0,"href":"https:\/\/archive.sana.sy\/tr\/index.php?rest_route=\/wp\/v2\/posts\/103824\/revisions"}],"wp:featuredmedia":[{"embeddable":true,"href":"https:\/\/archive.sana.sy\/tr\/index.php?rest_route=\/wp\/v2\/media\/103825"}],"wp:attachment":[{"href":"https:\/\/archive.sana.sy\/tr\/index.php?rest_route=%2Fwp%2Fv2%2Fmedia&parent=103824"}],"wp:term":[{"taxonomy":"category","embeddable":true,"href":"https:\/\/archive.sana.sy\/tr\/index.php?rest_route=%2Fwp%2Fv2%2Fcategories&post=103824"},{"taxonomy":"post_tag","embeddable":true,"href":"https:\/\/archive.sana.sy\/tr\/index.php?rest_route=%2Fwp%2Fv2%2Ftags&post=103824"}],"curies":[{"name":"wp","href":"https:\/\/api.w.org\/{rel}","templated":true}]}}