{"id":103974,"date":"2017-02-05T12:01:27","date_gmt":"2017-02-05T10:01:27","guid":{"rendered":"http:\/\/www.sana.sy\/tr\/?p=103974"},"modified":"2017-02-05T14:59:35","modified_gmt":"2017-02-05T12:59:35","slug":"cumhurbaskani-bessar-el-esad-bugun-201615-sayili-af-kararinin-suresinin-30-06-2017-tarihine-dek-uzatilmasini-ongoren-201711-sayili-yasama-kararini-onayladi","status":"publish","type":"post","link":"https:\/\/archive.sana.sy\/tr\/?p=103974","title":{"rendered":"Cumhurba\u015fkan\u0131 Be\u015f\u015far el Esad bug\u00fcn, 2016\/15 say\u0131l\u0131 af karar\u0131n\u0131n s\u00fcresinin 30-06-2017 tarihine dek uzat\u0131lmas\u0131n\u0131 \u00f6ng\u00f6ren 2017\/11 say\u0131l\u0131 yasama karar\u0131n\u0131 onaylad\u0131"},"content":{"rendered":"<p>Cumhurba\u015fkan\u0131 Be\u015f\u015far el Esad bug\u00fcn, 2016\/15 say\u0131l\u0131 af karar\u0131n\u0131n s\u00fcresinin 30-06-2017 tarihine dek uzat\u0131lmas\u0131n\u0131 \u00f6ng\u00f6ren 2017\/11 say\u0131l\u0131 yasama karar\u0131n\u0131 onaylad\u0131<\/p>\n","protected":false},"excerpt":{"rendered":"<p>Cumhurba\u015fkan\u0131 Be\u015f\u015far el Esad bug\u00fcn, 2016\/15 say\u0131l\u0131 af karar\u0131n\u0131n s\u00fcresinin 30-06-2017 tarihine dek uzat\u0131lmas\u0131n\u0131 \u00f6ng\u00f6ren 2017\/11 say\u0131l\u0131 yasama karar\u0131n\u0131 onaylad\u0131<\/p>\n","protected":false},"author":1,"featured_media":0,"comment_status":"closed","ping_status":"closed","sticky":false,"template":"","format":"standard","meta":{"footnotes":""},"categories":[17991],"tags":[],"class_list":["post-103974","post","type-post","status-publish","format-standard","","category-son-dakika"],"_links":{"self":[{"href":"https:\/\/archive.sana.sy\/tr\/index.php?rest_route=\/wp\/v2\/posts\/103974","targetHints":{"allow":["GET"]}}],"collection":[{"href":"https:\/\/archive.sana.sy\/tr\/index.php?rest_route=\/wp\/v2\/posts"}],"about":[{"href":"https:\/\/archive.sana.sy\/tr\/index.php?rest_route=\/wp\/v2\/types\/post"}],"author":[{"embeddable":true,"href":"https:\/\/archive.sana.sy\/tr\/index.php?rest_route=\/wp\/v2\/users\/1"}],"replies":[{"embeddable":true,"href":"https:\/\/archive.sana.sy\/tr\/index.php?rest_route=%2Fwp%2Fv2%2Fcomments&post=103974"}],"version-history":[{"count":0,"href":"https:\/\/archive.sana.sy\/tr\/index.php?rest_route=\/wp\/v2\/posts\/103974\/revisions"}],"wp:attachment":[{"href":"https:\/\/archive.sana.sy\/tr\/index.php?rest_route=%2Fwp%2Fv2%2Fmedia&parent=103974"}],"wp:term":[{"taxonomy":"category","embeddable":true,"href":"https:\/\/archive.sana.sy\/tr\/index.php?rest_route=%2Fwp%2Fv2%2Fcategories&post=103974"},{"taxonomy":"post_tag","embeddable":true,"href":"https:\/\/archive.sana.sy\/tr\/index.php?rest_route=%2Fwp%2Fv2%2Ftags&post=103974"}],"curies":[{"name":"wp","href":"https:\/\/api.w.org\/{rel}","templated":true}]}}