{"id":103976,"date":"2017-02-05T15:04:23","date_gmt":"2017-02-05T13:04:23","guid":{"rendered":"http:\/\/www.sana.sy\/tr\/?p=103976"},"modified":"2017-02-06T13:13:35","modified_gmt":"2017-02-06T11:13:35","slug":"af-kararinin-suresi-uzatildi-2","status":"publish","type":"post","link":"https:\/\/archive.sana.sy\/tr\/?p=103976","title":{"rendered":"Af Karar\u0131n\u0131n S\u00fcresi Uzat\u0131ld\u0131"},"content":{"rendered":"<p>\u015eAM \u2013 Cumhurba\u015fkan\u0131 Be\u015f\u015far el Esad bug\u00fcn, 2016\/15 say\u0131l\u0131 af karar\u0131n\u0131n s\u00fcresinin 30-06-2017 tarihine dek uzat\u0131lmas\u0131n\u0131 \u00f6ng\u00f6ren 2017\/11 say\u0131l\u0131 yasama karar\u0131n\u0131 onaylad\u0131.<\/p>\n<p>28-07-2016 tarihli 15 say\u0131l\u0131 af karar\u0131; herhangi bir nedenden dolay\u0131 silah ta\u015f\u0131yanlar ve kanun ka\u00e7aklar\u0131n\u0131n silahlar\u0131n\u0131 ve kendilerini ilgili birimlere teslim etmeleri, ya da al\u0131koyduklar\u0131 insanlara zarar vermeden ya da kar\u015f\u0131l\u0131k almadan serbest b\u0131rak\u0131lanlar\u0131n t\u00fcm kanuni cezadan muaf tutulmalar\u0131n\u0131 \u00f6ng\u00f6r\u00fcyor.<\/p>\n","protected":false},"excerpt":{"rendered":"<p>\u015eAM \u2013 Cumhurba\u015fkan\u0131 Be\u015f\u015far el Esad bug\u00fcn, 2016\/15 say\u0131l\u0131 af karar\u0131n\u0131n s\u00fcresinin 30-06-2017 tarihine dek uzat\u0131lmas\u0131n\u0131 \u00f6ng\u00f6ren 2017\/11 say\u0131l\u0131 yasama karar\u0131n\u0131 onaylad\u0131. 28-07-2016 tarihli 15 say\u0131l\u0131 af karar\u0131; herhangi bir nedenden dolay\u0131 silah ta\u015f\u0131yanlar ve kanun ka\u00e7aklar\u0131n\u0131n silahlar\u0131n\u0131 ve kendilerini ilgili birimlere teslim etmeleri, ya da al\u0131koyduklar\u0131 insanlara zarar vermeden ya da kar\u015f\u0131l\u0131k almadan serbest &hellip;<\/p>\n","protected":false},"author":1,"featured_media":99415,"comment_status":"closed","ping_status":"closed","sticky":false,"template":"","format":"standard","meta":{"footnotes":""},"categories":[479,605,17988,612,599,478],"tags":[18363,17256,8767,24083,24119,19043],"class_list":["post-103976","post","type-post","status-publish","format-standard","has-post-thumbnail","","category-haberler-yerel","category-sayin-cumhurbaskani","category-son-haberler","category-yasama-kararnameler","category-yasama-ve-kanunlar","category-yerel","tag-af-karari","tag-bessar-el-esad","tag-cumhurbaskani","tag-suriye-baskani","tag-suriye-lideri","tag-suriyede-son-durum"],"_links":{"self":[{"href":"https:\/\/archive.sana.sy\/tr\/index.php?rest_route=\/wp\/v2\/posts\/103976","targetHints":{"allow":["GET"]}}],"collection":[{"href":"https:\/\/archive.sana.sy\/tr\/index.php?rest_route=\/wp\/v2\/posts"}],"about":[{"href":"https:\/\/archive.sana.sy\/tr\/index.php?rest_route=\/wp\/v2\/types\/post"}],"author":[{"embeddable":true,"href":"https:\/\/archive.sana.sy\/tr\/index.php?rest_route=\/wp\/v2\/users\/1"}],"replies":[{"embeddable":true,"href":"https:\/\/archive.sana.sy\/tr\/index.php?rest_route=%2Fwp%2Fv2%2Fcomments&post=103976"}],"version-history":[{"count":0,"href":"https:\/\/archive.sana.sy\/tr\/index.php?rest_route=\/wp\/v2\/posts\/103976\/revisions"}],"wp:featuredmedia":[{"embeddable":true,"href":"https:\/\/archive.sana.sy\/tr\/index.php?rest_route=\/wp\/v2\/media\/99415"}],"wp:attachment":[{"href":"https:\/\/archive.sana.sy\/tr\/index.php?rest_route=%2Fwp%2Fv2%2Fmedia&parent=103976"}],"wp:term":[{"taxonomy":"category","embeddable":true,"href":"https:\/\/archive.sana.sy\/tr\/index.php?rest_route=%2Fwp%2Fv2%2Fcategories&post=103976"},{"taxonomy":"post_tag","embeddable":true,"href":"https:\/\/archive.sana.sy\/tr\/index.php?rest_route=%2Fwp%2Fv2%2Ftags&post=103976"}],"curies":[{"name":"wp","href":"https:\/\/api.w.org\/{rel}","templated":true}]}}