{"id":103978,"date":"2017-02-05T15:33:21","date_gmt":"2017-02-05T13:33:21","guid":{"rendered":"http:\/\/www.sana.sy\/tr\/?p=103978"},"modified":"2017-02-06T10:20:00","modified_gmt":"2017-02-06T08:20:00","slug":"7-binden-fazla-okulu-sabote-ettiler","status":"publish","type":"post","link":"https:\/\/archive.sana.sy\/tr\/?p=103978","title":{"rendered":"7 Binden Fazla Okulu Sabote Ettiler"},"content":{"rendered":"<p>\u015eAM \u2013 Arap ve Afrika Gen\u00e7lik Meclisinden bir heyetle g\u00f6r\u00fc\u015fen E\u011fitim Bakan\u0131 Hezvan el Vez; ter\u00f6ristlerin sabote ettikleri okullar\u0131 onarma ve okullar\u0131ndan menedilen \u00e7ocuklar\u0131n e\u011fitimlerini s\u00fcrd\u00fcrmelerine ilaveten bilimsel ve e\u011fitimsel geli\u015fmeler \u0131\u015f\u0131\u011f\u0131nda e\u011fitim s\u00fcrecinin s\u00fcrekli geli\u015ftirilmesi konusunda bakanl\u0131\u011f\u0131n harcad\u0131\u011f\u0131 yo\u011fun \u00e7abalara \u0131\u015f\u0131k tuttu.<\/p>\n<p>Bakan Vez, art\u0131k herkes taraf\u0131ndan bilinen devletler taraf\u0131ndan desteklenip y\u00f6nlendirilen ter\u00f6ristlerin 7 binden fazla okulu sabote edip hizmet d\u0131\u015f\u0131 kalmas\u0131na yol a\u00e7t\u0131klar\u0131na dikkat \u00e7ekti. Adlar\u0131nda fakl\u0131 \u00f6zlerinde ayn\u0131 olan ter\u00f6ristlerin e\u011fitim kadrolar\u0131na sald\u0131r\u0131 hakk\u0131nda da bilgi veren Vez; E\u011fitim Bakanl\u0131\u011f\u0131n\u0131n t\u00fcm bu ko\u015fullara ra\u011fmen e\u011fitim s\u00fcrecini geli\u015ftirmeye \u00e7al\u0131\u015ft\u0131\u011f\u0131n\u0131 ifade etti. Vez 2016-2017 e\u011fitim s\u00fcrecinde d\u00f6rt milyondan fazla \u00e7ocu\u011fun okullarda e\u011fitimlerine ba\u015flad\u0131\u011f\u0131n\u0131 s\u00f6yledi.<\/p>\n<p>Muhtelif b\u00f6lgelerde ter\u00f6r sald\u0131r\u0131lar\u0131ndan ka\u00e7an ailelerin \u00e7ocuklar\u0131n\u0131 okullara kabul etme, yine ter\u00f6r eylemleri nedeniyle okullar\u0131na ara veren \u00e7ocuklar ve sabote edilen okullar\u0131 onarma \u00e7al\u0131\u015fmalar\u0131na dikkat \u00e7eken E\u011fitim Bakan\u0131 Vez; bu sorunu a\u015fmak i\u00e7in okullarda sabah ak\u015fam iki mesai \u015feklinde e\u011fitim verildi\u011fini, y\u00fcksek say\u0131da okulun da onar\u0131ld\u0131\u011f\u0131n\u0131 ifade etti.<\/p>\n<p>Arap ve Afrika Gen\u00e7lik Meclisi Genel Sekreteri Avaz Hasan \u0130brahim, mevcut ko\u015fullara ra\u011fmen bakanl\u0131\u011f\u0131n e\u011fitim hizmetinde verdi\u011fi \u00e7abalar ve sa\u011flad\u0131\u011f\u0131 ba\u015far\u0131lar\u0131n takdire \u015fayan oldu\u011funu ifade etti.<\/p>\n<p>Arap ve Afrika Gen\u00e7lik Meclisi heyetinin Suriye ziyareti; bug\u00fcn \u015eam\u2019da faaliyetlerine ba\u015flayan toplant\u0131lar\u0131 kapsam\u0131nda geliyor. Meclis heyeti Sudan, L\u00fcbnan, Senegal, Sierra Leone, Burkina Faso, \u00dcrd\u00fcn, Tunus, Somali, Yemen, Komor ve Filistin\u2019den temsilcileri kaps\u0131yor.<\/p>\n","protected":false},"excerpt":{"rendered":"<p>\u015eAM \u2013 Arap ve Afrika Gen\u00e7lik Meclisinden bir heyetle g\u00f6r\u00fc\u015fen E\u011fitim Bakan\u0131 Hezvan el Vez; ter\u00f6ristlerin sabote ettikleri okullar\u0131 onarma ve okullar\u0131ndan menedilen \u00e7ocuklar\u0131n e\u011fitimlerini s\u00fcrd\u00fcrmelerine ilaveten bilimsel ve e\u011fitimsel geli\u015fmeler \u0131\u015f\u0131\u011f\u0131nda e\u011fitim s\u00fcrecinin s\u00fcrekli geli\u015ftirilmesi konusunda bakanl\u0131\u011f\u0131n harcad\u0131\u011f\u0131 yo\u011fun \u00e7abalara \u0131\u015f\u0131k tuttu. Bakan Vez, art\u0131k herkes taraf\u0131ndan bilinen devletler taraf\u0131ndan desteklenip y\u00f6nlendirilen ter\u00f6ristlerin 7 &hellip;<\/p>\n","protected":false},"author":1,"featured_media":103979,"comment_status":"closed","ping_status":"closed","sticky":false,"template":"","format":"standard","meta":{"footnotes":""},"categories":[479,17988,478],"tags":[27350,27352,4119,22201,24957,27351,24197,20510],"class_list":["post-103978","post","type-post","status-publish","format-standard","has-post-thumbnail","","category-haberler-yerel","category-son-haberler","category-yerel","tag-7-binden-fazla-okulu-sabote-ettiler","tag-arap-ve-afrika-genclik-meclisi","tag-egitim-bakani","tag-hezvan-el-vez","tag-okullara-saldiri","tag-sgitim-sureci","tag-suriyede-egitim","tag-teror-saldirilari"],"_links":{"self":[{"href":"https:\/\/archive.sana.sy\/tr\/index.php?rest_route=\/wp\/v2\/posts\/103978","targetHints":{"allow":["GET"]}}],"collection":[{"href":"https:\/\/archive.sana.sy\/tr\/index.php?rest_route=\/wp\/v2\/posts"}],"about":[{"href":"https:\/\/archive.sana.sy\/tr\/index.php?rest_route=\/wp\/v2\/types\/post"}],"author":[{"embeddable":true,"href":"https:\/\/archive.sana.sy\/tr\/index.php?rest_route=\/wp\/v2\/users\/1"}],"replies":[{"embeddable":true,"href":"https:\/\/archive.sana.sy\/tr\/index.php?rest_route=%2Fwp%2Fv2%2Fcomments&post=103978"}],"version-history":[{"count":0,"href":"https:\/\/archive.sana.sy\/tr\/index.php?rest_route=\/wp\/v2\/posts\/103978\/revisions"}],"wp:featuredmedia":[{"embeddable":true,"href":"https:\/\/archive.sana.sy\/tr\/index.php?rest_route=\/wp\/v2\/media\/103979"}],"wp:attachment":[{"href":"https:\/\/archive.sana.sy\/tr\/index.php?rest_route=%2Fwp%2Fv2%2Fmedia&parent=103978"}],"wp:term":[{"taxonomy":"category","embeddable":true,"href":"https:\/\/archive.sana.sy\/tr\/index.php?rest_route=%2Fwp%2Fv2%2Fcategories&post=103978"},{"taxonomy":"post_tag","embeddable":true,"href":"https:\/\/archive.sana.sy\/tr\/index.php?rest_route=%2Fwp%2Fv2%2Ftags&post=103978"}],"curies":[{"name":"wp","href":"https:\/\/api.w.org\/{rel}","templated":true}]}}