{"id":103981,"date":"2017-02-05T15:39:05","date_gmt":"2017-02-05T13:39:05","guid":{"rendered":"http:\/\/www.sana.sy\/tr\/?p=103981"},"modified":"2017-02-06T13:12:39","modified_gmt":"2017-02-06T11:12:39","slug":"radikal-teror-agir-darbeler-almaya-devam-ediyor","status":"publish","type":"post","link":"https:\/\/archive.sana.sy\/tr\/?p=103981","title":{"rendered":"Radikal Ter\u00f6r A\u011f\u0131r Darbeler Almaya Devam Ediyor"},"content":{"rendered":"<p>DEYREZZOR \u2013 Ordu birliklerimiz belli ba\u015fl\u0131 devletlerin destekledikleri radikal ter\u00f6re kar\u015f\u0131 operasyonlar\u0131n\u0131 s\u00fcrd\u00fcr\u00fcrlerken, ter\u00f6ristlere a\u011f\u0131r darbeler indirmeye devam ediyor.<\/p>\n<p>Askeri kaynak ordu birliklerimizin Deyrezzor Kentinin do\u011fusu Mekabbat B\u00f6lgesinde I\u015e\u0130D\u2019li \u00e7ok say\u0131da ter\u00f6risti ekipmanlar\u0131yla birlikte etkisizle\u015ftirdiklerini ve a\u011f\u0131r silahla donat\u0131lm\u0131\u015f bir ara\u00e7lar\u0131n\u0131 g\u00fcd\u00fcml\u00fc f\u00fczeyle imha ettiklerini aktard\u0131.<\/p>\n","protected":false},"excerpt":{"rendered":"<p>DEYREZZOR \u2013 Ordu birliklerimiz belli ba\u015fl\u0131 devletlerin destekledikleri radikal ter\u00f6re kar\u015f\u0131 operasyonlar\u0131n\u0131 s\u00fcrd\u00fcr\u00fcrlerken, ter\u00f6ristlere a\u011f\u0131r darbeler indirmeye devam ediyor. Askeri kaynak ordu birliklerimizin Deyrezzor Kentinin do\u011fusu Mekabbat B\u00f6lgesinde I\u015e\u0130D\u2019li \u00e7ok say\u0131da ter\u00f6risti ekipmanlar\u0131yla birlikte etkisizle\u015ftirdiklerini ve a\u011f\u0131r silahla donat\u0131lm\u0131\u015f bir ara\u00e7lar\u0131n\u0131 g\u00fcd\u00fcml\u00fc f\u00fczeyle imha ettiklerini aktard\u0131.<\/p>\n","protected":false},"author":1,"featured_media":103983,"comment_status":"closed","ping_status":"closed","sticky":false,"template":"","format":"standard","meta":{"footnotes":""},"categories":[479,575,17988,478],"tags":[3464,18365,18237,18576,18577,24003,2318,18347,18674,11549,19043,22182,19034],"class_list":["post-103981","post","type-post","status-publish","format-standard","has-post-thumbnail","","category-haberler-yerel","category-olaylar-ve-gercekler","category-son-haberler","category-yerel","tag-nusra-cephesi","tag-ahrar-el-sam","tag-cihatcilar","tag-daes","tag-deas","tag-fetih-el-sam","tag-isid","tag-oso","tag-silahli-muhalifler","tag-suriye-ordusu","tag-suriyede-son-durum","tag-suriyede-savas","tag-suriyeli-muhalifler"],"_links":{"self":[{"href":"https:\/\/archive.sana.sy\/tr\/index.php?rest_route=\/wp\/v2\/posts\/103981","targetHints":{"allow":["GET"]}}],"collection":[{"href":"https:\/\/archive.sana.sy\/tr\/index.php?rest_route=\/wp\/v2\/posts"}],"about":[{"href":"https:\/\/archive.sana.sy\/tr\/index.php?rest_route=\/wp\/v2\/types\/post"}],"author":[{"embeddable":true,"href":"https:\/\/archive.sana.sy\/tr\/index.php?rest_route=\/wp\/v2\/users\/1"}],"replies":[{"embeddable":true,"href":"https:\/\/archive.sana.sy\/tr\/index.php?rest_route=%2Fwp%2Fv2%2Fcomments&post=103981"}],"version-history":[{"count":0,"href":"https:\/\/archive.sana.sy\/tr\/index.php?rest_route=\/wp\/v2\/posts\/103981\/revisions"}],"wp:featuredmedia":[{"embeddable":true,"href":"https:\/\/archive.sana.sy\/tr\/index.php?rest_route=\/wp\/v2\/media\/103983"}],"wp:attachment":[{"href":"https:\/\/archive.sana.sy\/tr\/index.php?rest_route=%2Fwp%2Fv2%2Fmedia&parent=103981"}],"wp:term":[{"taxonomy":"category","embeddable":true,"href":"https:\/\/archive.sana.sy\/tr\/index.php?rest_route=%2Fwp%2Fv2%2Fcategories&post=103981"},{"taxonomy":"post_tag","embeddable":true,"href":"https:\/\/archive.sana.sy\/tr\/index.php?rest_route=%2Fwp%2Fv2%2Ftags&post=103981"}],"curies":[{"name":"wp","href":"https:\/\/api.w.org\/{rel}","templated":true}]}}