{"id":10399,"date":"2014-09-18T15:00:18","date_gmt":"2014-09-18T12:00:18","guid":{"rendered":"http:\/\/www.sana.sy\/tr\/?p=10399"},"modified":"2014-09-18T16:29:32","modified_gmt":"2014-09-18T13:29:32","slug":"suriye-olmadan-washington-iside-karsi-etkin-bir-koalisyon-kuramayacak","status":"publish","type":"post","link":"https:\/\/archive.sana.sy\/tr\/?p=10399","title":{"rendered":"Suriye Olmadan I\u015e\u0130D\u2019e Kar\u015f\u0131 Etkin Bir Koalisyon Kuramayacak"},"content":{"rendered":"<p>MOSKOVA &#8211; Rusya\u2019n\u0131n BM Daimi Temsilci Vitaly Churkin, Amerika Birle\u015fik Devletlerinin Suriye h\u00fck\u00fcmetiyle koordinasyon yapmadan &#8216;Irak ve \u015eam \u0130slam Devleti&#8217; (I\u015e\u0130D) ter\u00f6r \u00f6rg\u00fct\u00fcne kar\u015f\u0131 etkin bir uluslararas\u0131 koalisyon kuramayaca\u011f\u0131n\u0131 belirtti.<\/p>\n<p>Rusia Today Sitesi Churkin\u2019in Amerikal\u0131 Fox News Kanal\u0131na yapt\u0131\u011f\u0131 a\u00e7\u0131klamalarda Washington\u2019un, bu koalisyonu kurdu\u011fu zaman uluslararas\u0131 kanunlara sayg\u0131 g\u00f6stermesi, radikallere kar\u015f\u0131 darbeler vurmay\u0131 istemesi halinde Suriye\u2019yle koordinasyon i\u00e7inde olmas\u0131\u00a0gerekti\u011fini konu\u015ftu\u011funu aktard\u0131.<\/p>\n<p>ABD\u2019nin Suriye\u2019yi yok etmekle me\u015fgul oldu\u011fu d\u00f6nemde Moskova\u2019n\u0131n b\u00f6lgedeki en b\u00fcy\u00fck tehlikenin ter\u00f6r oldu\u011funu s\u00f6yledi\u011fini hat\u0131rlatan Churkin, Rusya\u2019n\u0131n Irak\u2019a destek ve askeri yard\u0131m verdi\u011fi d\u00f6nemde Washington\u2019un hala b\u00f6yle kararlar\u0131 g\u00f6zden bile ge\u00e7irmedi\u011fini kaydetti.<\/p>\n","protected":false},"excerpt":{"rendered":"<p>MOSKOVA &#8211; Rusya\u2019n\u0131n BM Daimi Temsilci Vitaly Churkin, Amerika Birle\u015fik Devletlerinin Suriye h\u00fck\u00fcmetiyle koordinasyon yapmadan &#8216;Irak ve \u015eam \u0130slam Devleti&#8217; (I\u015e\u0130D) ter\u00f6r \u00f6rg\u00fct\u00fcne kar\u015f\u0131 etkin bir uluslararas\u0131 koalisyon kuramayaca\u011f\u0131n\u0131 belirtti. Rusia Today Sitesi Churkin\u2019in Amerikal\u0131 Fox News Kanal\u0131na yapt\u0131\u011f\u0131 a\u00e7\u0131klamalarda Washington\u2019un, bu koalisyonu kurdu\u011fu zaman uluslararas\u0131 kanunlara sayg\u0131 g\u00f6stermesi, radikallere kar\u015f\u0131 darbeler vurmay\u0131 istemesi halinde &hellip;<\/p>\n","protected":false},"author":1,"featured_media":10400,"comment_status":"closed","ping_status":"closed","sticky":false,"template":"","format":"standard","meta":{"footnotes":""},"categories":[458,459,447,584],"tags":[2408],"class_list":["post-10399","post","type-post","status-publish","format-standard","has-post-thumbnail","","category-dunya1","category-haberler-arap-uluslararasi-politika","category-politika","category-yurtdisinda-sana-ofisleri","tag-suriye-olmadan-washington-iside-karsi-etkin-bir-koalisyon-kuramayacak"],"_links":{"self":[{"href":"https:\/\/archive.sana.sy\/tr\/index.php?rest_route=\/wp\/v2\/posts\/10399","targetHints":{"allow":["GET"]}}],"collection":[{"href":"https:\/\/archive.sana.sy\/tr\/index.php?rest_route=\/wp\/v2\/posts"}],"about":[{"href":"https:\/\/archive.sana.sy\/tr\/index.php?rest_route=\/wp\/v2\/types\/post"}],"author":[{"embeddable":true,"href":"https:\/\/archive.sana.sy\/tr\/index.php?rest_route=\/wp\/v2\/users\/1"}],"replies":[{"embeddable":true,"href":"https:\/\/archive.sana.sy\/tr\/index.php?rest_route=%2Fwp%2Fv2%2Fcomments&post=10399"}],"version-history":[{"count":0,"href":"https:\/\/archive.sana.sy\/tr\/index.php?rest_route=\/wp\/v2\/posts\/10399\/revisions"}],"wp:featuredmedia":[{"embeddable":true,"href":"https:\/\/archive.sana.sy\/tr\/index.php?rest_route=\/wp\/v2\/media\/10400"}],"wp:attachment":[{"href":"https:\/\/archive.sana.sy\/tr\/index.php?rest_route=%2Fwp%2Fv2%2Fmedia&parent=10399"}],"wp:term":[{"taxonomy":"category","embeddable":true,"href":"https:\/\/archive.sana.sy\/tr\/index.php?rest_route=%2Fwp%2Fv2%2Fcategories&post=10399"},{"taxonomy":"post_tag","embeddable":true,"href":"https:\/\/archive.sana.sy\/tr\/index.php?rest_route=%2Fwp%2Fv2%2Ftags&post=10399"}],"curies":[{"name":"wp","href":"https:\/\/api.w.org\/{rel}","templated":true}]}}