{"id":104021,"date":"2017-02-06T13:19:47","date_gmt":"2017-02-06T11:19:47","guid":{"rendered":"http:\/\/www.sana.sy\/tr\/?p=104021"},"modified":"2017-02-06T13:19:47","modified_gmt":"2017-02-06T11:19:47","slug":"nesmetu-emel-projesi-suriye-ordusundan-yarali-350-askere-onur-toreni-duzenledi","status":"publish","type":"post","link":"https:\/\/archive.sana.sy\/tr\/?p=104021","title":{"rendered":"Nesmetu Emel Projesi Suriye ordusundan yaral\u0131 350 askere onur t\u00f6reni d\u00fczenledi"},"content":{"rendered":"<p>Nesmetu Emel Projesi Suriye ordusundan yaral\u0131 350 askere onur t\u00f6reni d\u00fczenledi<\/p>\n<p>https:\/\/www.youtube.com\/watch?v=BKCmu9fKD_4<\/p>\n","protected":false},"excerpt":{"rendered":"<p>Nesmetu Emel Projesi Suriye ordusundan yaral\u0131 350 askere onur t\u00f6reni d\u00fczenledi https:\/\/www.youtube.com\/watch?v=BKCmu9fKD_4<\/p>\n","protected":false},"author":1,"featured_media":104026,"comment_status":"closed","ping_status":"closed","sticky":false,"template":"","format":"standard","meta":{"footnotes":""},"categories":[18295],"tags":[],"class_list":["post-104021","post","type-post","status-publish","format-standard","has-post-thumbnail","","category-sana-video"],"_links":{"self":[{"href":"https:\/\/archive.sana.sy\/tr\/index.php?rest_route=\/wp\/v2\/posts\/104021","targetHints":{"allow":["GET"]}}],"collection":[{"href":"https:\/\/archive.sana.sy\/tr\/index.php?rest_route=\/wp\/v2\/posts"}],"about":[{"href":"https:\/\/archive.sana.sy\/tr\/index.php?rest_route=\/wp\/v2\/types\/post"}],"author":[{"embeddable":true,"href":"https:\/\/archive.sana.sy\/tr\/index.php?rest_route=\/wp\/v2\/users\/1"}],"replies":[{"embeddable":true,"href":"https:\/\/archive.sana.sy\/tr\/index.php?rest_route=%2Fwp%2Fv2%2Fcomments&post=104021"}],"version-history":[{"count":0,"href":"https:\/\/archive.sana.sy\/tr\/index.php?rest_route=\/wp\/v2\/posts\/104021\/revisions"}],"wp:featuredmedia":[{"embeddable":true,"href":"https:\/\/archive.sana.sy\/tr\/index.php?rest_route=\/wp\/v2\/media\/104026"}],"wp:attachment":[{"href":"https:\/\/archive.sana.sy\/tr\/index.php?rest_route=%2Fwp%2Fv2%2Fmedia&parent=104021"}],"wp:term":[{"taxonomy":"category","embeddable":true,"href":"https:\/\/archive.sana.sy\/tr\/index.php?rest_route=%2Fwp%2Fv2%2Fcategories&post=104021"},{"taxonomy":"post_tag","embeddable":true,"href":"https:\/\/archive.sana.sy\/tr\/index.php?rest_route=%2Fwp%2Fv2%2Ftags&post=104021"}],"curies":[{"name":"wp","href":"https:\/\/api.w.org\/{rel}","templated":true}]}}