{"id":104036,"date":"2017-02-06T11:00:36","date_gmt":"2017-02-06T09:00:36","guid":{"rendered":"http:\/\/www.sana.sy\/tr\/?p=104036"},"modified":"2017-02-07T10:24:43","modified_gmt":"2017-02-07T08:24:43","slug":"rusya-insani-yardim-cabalarini-surduruyor","status":"publish","type":"post","link":"https:\/\/archive.sana.sy\/tr\/?p=104036","title":{"rendered":"Rusya \u0130nsani Yard\u0131m \u00c7abalar\u0131n\u0131 S\u00fcrd\u00fcr\u00fcyor"},"content":{"rendered":"<p>LAZK\u0130YE \u2013 Lazkiye k\u0131rsal\u0131 Hmeymim Hava \u00dcss\u00fcnde Rus Koordinasyon Merkezi; Rusya h\u00fck\u00fcmeti ve halk\u0131ndan Suriye halk\u0131na takdim edilen insani yard\u0131mlar\u0131n Homs ve Halep illerinde ihtiya\u00e7 sahibi ailelere da\u011f\u0131t\u0131ld\u0131\u011f\u0131n\u0131 belirtti.<\/p>\n<p>Merkez S\u00f6zc\u00fcs\u00fc Alexei Zodilov RT web haberi sitesinin yay\u0131nlad\u0131\u011f\u0131 a\u00e7\u0131klamalar\u0131nda; merkezin Halep ve Homs illerinde 12 ton muhtelif t\u00fcketim maddesini Homs ve Halep illerinde 7 binden fazla vatanda\u015fa da\u011f\u0131tt\u0131\u011f\u0131n\u0131 a\u00e7\u0131klad\u0131. Zodilov merkezin Homs k\u0131rsal\u0131n\u0131n \u015een\u015far Beldesinde de vatanda\u015flara \u00fccretsiz hizmet verecek sahra klini\u011fi a\u00e7t\u0131\u011f\u0131n\u0131 belirtti.<\/p>\n","protected":false},"excerpt":{"rendered":"<p>LAZK\u0130YE \u2013 Lazkiye k\u0131rsal\u0131 Hmeymim Hava \u00dcss\u00fcnde Rus Koordinasyon Merkezi; Rusya h\u00fck\u00fcmeti ve halk\u0131ndan Suriye halk\u0131na takdim edilen insani yard\u0131mlar\u0131n Homs ve Halep illerinde ihtiya\u00e7 sahibi ailelere da\u011f\u0131t\u0131ld\u0131\u011f\u0131n\u0131 belirtti. Merkez S\u00f6zc\u00fcs\u00fc Alexei Zodilov RT web haberi sitesinin yay\u0131nlad\u0131\u011f\u0131 a\u00e7\u0131klamalar\u0131nda; merkezin Halep ve Homs illerinde 12 ton muhtelif t\u00fcketim maddesini Homs ve Halep illerinde 7 binden &hellip;<\/p>\n","protected":false},"author":1,"featured_media":104037,"comment_status":"closed","ping_status":"closed","sticky":false,"template":"","format":"standard","meta":{"footnotes":""},"categories":[479,17988,478],"tags":[27358],"class_list":["post-104036","post","type-post","status-publish","format-standard","has-post-thumbnail","","category-haberler-yerel","category-son-haberler","category-yerel","tag-rusya-insani-yardim-cabalarini-surduruyor"],"_links":{"self":[{"href":"https:\/\/archive.sana.sy\/tr\/index.php?rest_route=\/wp\/v2\/posts\/104036","targetHints":{"allow":["GET"]}}],"collection":[{"href":"https:\/\/archive.sana.sy\/tr\/index.php?rest_route=\/wp\/v2\/posts"}],"about":[{"href":"https:\/\/archive.sana.sy\/tr\/index.php?rest_route=\/wp\/v2\/types\/post"}],"author":[{"embeddable":true,"href":"https:\/\/archive.sana.sy\/tr\/index.php?rest_route=\/wp\/v2\/users\/1"}],"replies":[{"embeddable":true,"href":"https:\/\/archive.sana.sy\/tr\/index.php?rest_route=%2Fwp%2Fv2%2Fcomments&post=104036"}],"version-history":[{"count":0,"href":"https:\/\/archive.sana.sy\/tr\/index.php?rest_route=\/wp\/v2\/posts\/104036\/revisions"}],"wp:featuredmedia":[{"embeddable":true,"href":"https:\/\/archive.sana.sy\/tr\/index.php?rest_route=\/wp\/v2\/media\/104037"}],"wp:attachment":[{"href":"https:\/\/archive.sana.sy\/tr\/index.php?rest_route=%2Fwp%2Fv2%2Fmedia&parent=104036"}],"wp:term":[{"taxonomy":"category","embeddable":true,"href":"https:\/\/archive.sana.sy\/tr\/index.php?rest_route=%2Fwp%2Fv2%2Fcategories&post=104036"},{"taxonomy":"post_tag","embeddable":true,"href":"https:\/\/archive.sana.sy\/tr\/index.php?rest_route=%2Fwp%2Fv2%2Ftags&post=104036"}],"curies":[{"name":"wp","href":"https:\/\/api.w.org\/{rel}","templated":true}]}}