{"id":104065,"date":"2017-02-06T13:57:02","date_gmt":"2017-02-06T11:57:02","guid":{"rendered":"http:\/\/www.sana.sy\/tr\/?p=104065"},"modified":"2017-02-07T10:30:20","modified_gmt":"2017-02-07T08:30:20","slug":"temyiz-ve-asliye-mahkemeleri-acilacak","status":"publish","type":"post","link":"https:\/\/archive.sana.sy\/tr\/?p=104065","title":{"rendered":"Temyiz ve Asliye Mahkemeleri A\u00e7\u0131lacak"},"content":{"rendered":"<p>\u015eAM \u2013 Halk Meclisi bug\u00fcn ba\u015fkan\u0131 Hediye Abbas ba\u015fkanl\u0131\u011f\u0131nda d\u00fczenledi\u011fi ikinci yasama d\u00f6neminin \u00fc\u00e7\u00fcnc\u00fc devresinin ikinci oturumunda, t\u00fcm illerde sigorta davalar\u0131nda uzman temyiz ve asliye mahkemelerinin kurulmas\u0131n\u0131 \u00f6ng\u00f6ren kanun tasar\u0131s\u0131n\u0131 tart\u0131\u015fmas\u0131 ard\u0131ndan onaylad\u0131.<\/p>\n<p>Meclisin onay\u0131 ard\u0131ndan kanun haline gelen tasar\u0131, sigorta davalar\u0131n\u0131n gereksinimleri kapsam\u0131nda yarg\u0131 sekt\u00f6r\u00fcn\u00fc geli\u015ftirme kapsam\u0131nda geliyor.<\/p>\n","protected":false},"excerpt":{"rendered":"<p>\u015eAM \u2013 Halk Meclisi bug\u00fcn ba\u015fkan\u0131 Hediye Abbas ba\u015fkanl\u0131\u011f\u0131nda d\u00fczenledi\u011fi ikinci yasama d\u00f6neminin \u00fc\u00e7\u00fcnc\u00fc devresinin ikinci oturumunda, t\u00fcm illerde sigorta davalar\u0131nda uzman temyiz ve asliye mahkemelerinin kurulmas\u0131n\u0131 \u00f6ng\u00f6ren kanun tasar\u0131s\u0131n\u0131 tart\u0131\u015fmas\u0131 ard\u0131ndan onaylad\u0131. Meclisin onay\u0131 ard\u0131ndan kanun haline gelen tasar\u0131, sigorta davalar\u0131n\u0131n gereksinimleri kapsam\u0131nda yarg\u0131 sekt\u00f6r\u00fcn\u00fc geli\u015ftirme kapsam\u0131nda geliyor.<\/p>\n","protected":false},"author":1,"featured_media":104066,"comment_status":"closed","ping_status":"closed","sticky":false,"template":"","format":"standard","meta":{"footnotes":""},"categories":[479,17988,478],"tags":[27368,27367,27369],"class_list":["post-104065","post","type-post","status-publish","format-standard","has-post-thumbnail","","category-haberler-yerel","category-son-haberler","category-yerel","tag-sam-halk-meclisi-bugun-baskani-hediye-abbas-baskanliginda-duzenledigi-ikinci-yasama-doneminin-ucuncu-devresinin-ikinci-oturumunda","tag-temyiz-ve-asliye-mahkemeleri-acilacak","tag-tum-illerde-sigorta-davalarinda-uzman-temyiz-ve-asliye-mahkemelerinin-kurulmasini-ongoren-kanun-tasarisini-tartismasi-ardindan-onayladi"],"_links":{"self":[{"href":"https:\/\/archive.sana.sy\/tr\/index.php?rest_route=\/wp\/v2\/posts\/104065","targetHints":{"allow":["GET"]}}],"collection":[{"href":"https:\/\/archive.sana.sy\/tr\/index.php?rest_route=\/wp\/v2\/posts"}],"about":[{"href":"https:\/\/archive.sana.sy\/tr\/index.php?rest_route=\/wp\/v2\/types\/post"}],"author":[{"embeddable":true,"href":"https:\/\/archive.sana.sy\/tr\/index.php?rest_route=\/wp\/v2\/users\/1"}],"replies":[{"embeddable":true,"href":"https:\/\/archive.sana.sy\/tr\/index.php?rest_route=%2Fwp%2Fv2%2Fcomments&post=104065"}],"version-history":[{"count":0,"href":"https:\/\/archive.sana.sy\/tr\/index.php?rest_route=\/wp\/v2\/posts\/104065\/revisions"}],"wp:featuredmedia":[{"embeddable":true,"href":"https:\/\/archive.sana.sy\/tr\/index.php?rest_route=\/wp\/v2\/media\/104066"}],"wp:attachment":[{"href":"https:\/\/archive.sana.sy\/tr\/index.php?rest_route=%2Fwp%2Fv2%2Fmedia&parent=104065"}],"wp:term":[{"taxonomy":"category","embeddable":true,"href":"https:\/\/archive.sana.sy\/tr\/index.php?rest_route=%2Fwp%2Fv2%2Fcategories&post=104065"},{"taxonomy":"post_tag","embeddable":true,"href":"https:\/\/archive.sana.sy\/tr\/index.php?rest_route=%2Fwp%2Fv2%2Ftags&post=104065"}],"curies":[{"name":"wp","href":"https:\/\/api.w.org\/{rel}","templated":true}]}}