{"id":104081,"date":"2017-02-06T15:21:48","date_gmt":"2017-02-06T13:21:48","guid":{"rendered":"http:\/\/www.sana.sy\/tr\/?p=104081"},"modified":"2017-02-07T10:30:14","modified_gmt":"2017-02-07T08:30:14","slug":"halepe-has-calistay-kurulacak","status":"publish","type":"post","link":"https:\/\/archive.sana.sy\/tr\/?p=104081","title":{"rendered":"Halep\u2019e Has \u00c7al\u0131\u015ftay Kurulacak"},"content":{"rendered":"<p>HALEP \u2013 Turizm Bakan\u0131 Bu\u015fr el Yaz\u0131c\u0131; Halep Kentinin eski semtlerine ili\u015fkin \u00f6zel \u00e7al\u0131\u015fma program\u0131 haz\u0131rlama amac\u0131yla \u00f6n\u00fcm\u00fczdeki ay i\u00e7inde d\u00fczenlenecek Halep Turizm \u00c7al\u0131\u015ftay\u0131 i\u00e7in haz\u0131rl\u0131k yap\u0131lmakta oldu\u011funu belirtti.<\/p>\n<p>Halep\u2019te il turizm m\u00fcd\u00fcr\u00fc ve Turizm ve Otelcilik Enstit\u00fcs\u00fc M\u00fcd\u00fcr\u00fc ile bir araya gelen Bakan Yaz\u0131c\u0131; Halep\u2019in ter\u00f6rden kurtar\u0131lmas\u0131 ve \u00f6n\u00fcm\u00fczdeki s\u00fcre\u00e7 ile uyumlu bir idari profil belirleme \u00e7a\u011fr\u0131s\u0131nda bulundu.<\/p>\n<p>Bakan Yaz\u0131c\u0131 Turizm Bakanl\u0131\u011f\u0131n\u0131n, Halep Kentinin eski semtleri ve miras\u0131n\u0131n onar\u0131m\u0131 i\u00e7in en iyi vizyon konulu bir yar\u0131\u015fma d\u00fczenleme niyetinde oldu\u011funu a\u00e7\u0131klad\u0131.<\/p>\n<p>Halep\u2019te bir dizi turistik kurumun onar\u0131m \u00e7al\u0131\u015fmalar\u0131n\u0131 denetleyen Yaz\u0131c\u0131; Turizm ve Otelcilik Enstit\u00fcs\u00fc ve okullar\u0131nda da incelemelerde bulundu.<\/p>\n<div id='gallery-1' class='gallery galleryid-104081 gallery-columns-2 gallery-size-thumbnail'><figure class='gallery-item'>\n\t\t\t<div class='gallery-icon portrait'>\n\t\t\t\t<a href='https:\/\/archive.sana.sy\/tr\/wp-content\/uploads\/2017\/02\/2-26.jpg'><img loading=\"lazy\" decoding=\"async\" width=\"116\" height=\"150\" src=\"https:\/\/archive.sana.sy\/tr\/wp-content\/uploads\/2017\/02\/2-26-116x150.jpg\" class=\"attachment-thumbnail size-thumbnail\" alt=\"\" srcset=\"https:\/\/archive.sana.sy\/tr\/wp-content\/uploads\/2017\/02\/2-26-116x150.jpg 116w, https:\/\/archive.sana.sy\/tr\/wp-content\/uploads\/2017\/02\/2-26-232x300.jpg 232w, https:\/\/archive.sana.sy\/tr\/wp-content\/uploads\/2017\/02\/2-26-768x991.jpg 768w, https:\/\/archive.sana.sy\/tr\/wp-content\/uploads\/2017\/02\/2-26-793x1024.jpg 793w, https:\/\/archive.sana.sy\/tr\/wp-content\/uploads\/2017\/02\/2-26.jpg 936w\" sizes=\"auto, (max-width: 116px) 100vw, 116px\" \/><\/a>\n\t\t\t<\/div><\/figure><figure class='gallery-item'>\n\t\t\t<div class='gallery-icon landscape'>\n\t\t\t\t<a href='https:\/\/archive.sana.sy\/tr\/wp-content\/uploads\/2017\/02\/3-18.jpg'><img loading=\"lazy\" decoding=\"async\" width=\"150\" height=\"109\" src=\"https:\/\/archive.sana.sy\/tr\/wp-content\/uploads\/2017\/02\/3-18-150x109.jpg\" class=\"attachment-thumbnail size-thumbnail\" alt=\"\" srcset=\"https:\/\/archive.sana.sy\/tr\/wp-content\/uploads\/2017\/02\/3-18-150x109.jpg 150w, https:\/\/archive.sana.sy\/tr\/wp-content\/uploads\/2017\/02\/3-18-300x218.jpg 300w, https:\/\/archive.sana.sy\/tr\/wp-content\/uploads\/2017\/02\/3-18-768x559.jpg 768w, https:\/\/archive.sana.sy\/tr\/wp-content\/uploads\/2017\/02\/3-18-1024x746.jpg 1024w, https:\/\/archive.sana.sy\/tr\/wp-content\/uploads\/2017\/02\/3-18.jpg 1155w\" sizes=\"auto, (max-width: 150px) 100vw, 150px\" \/><\/a>\n\t\t\t<\/div><\/figure>\n\t\t<\/div>\n\n","protected":false},"excerpt":{"rendered":"<p>HALEP \u2013 Turizm Bakan\u0131 Bu\u015fr el Yaz\u0131c\u0131; Halep Kentinin eski semtlerine ili\u015fkin \u00f6zel \u00e7al\u0131\u015fma program\u0131 haz\u0131rlama amac\u0131yla \u00f6n\u00fcm\u00fczdeki ay i\u00e7inde d\u00fczenlenecek Halep Turizm \u00c7al\u0131\u015ftay\u0131 i\u00e7in haz\u0131rl\u0131k yap\u0131lmakta oldu\u011funu belirtti. Halep\u2019te il turizm m\u00fcd\u00fcr\u00fc ve Turizm ve Otelcilik Enstit\u00fcs\u00fc M\u00fcd\u00fcr\u00fc ile bir araya gelen Bakan Yaz\u0131c\u0131; Halep\u2019in ter\u00f6rden kurtar\u0131lmas\u0131 ve \u00f6n\u00fcm\u00fczdeki s\u00fcre\u00e7 ile uyumlu bir idari &hellip;<\/p>\n","protected":false},"author":1,"featured_media":104084,"comment_status":"closed","ping_status":"closed","sticky":false,"template":"","format":"standard","meta":{"footnotes":""},"categories":[479,17988,2553,478],"tags":[21186,3229,27378,27377,27380,27379,22634,21185],"class_list":["post-104081","post","type-post","status-publish","format-standard","has-post-thumbnail","","category-haberler-yerel","category-son-haberler","category-turizm","category-yerel","tag-busr-yazici","tag-eski-halep","tag-eski-halep-semtleri","tag-halep-mirasi","tag-halep-ziyareti","tag-suriye-seyahati","tag-suriyede-turizm","tag-turizm-bakani"],"_links":{"self":[{"href":"https:\/\/archive.sana.sy\/tr\/index.php?rest_route=\/wp\/v2\/posts\/104081","targetHints":{"allow":["GET"]}}],"collection":[{"href":"https:\/\/archive.sana.sy\/tr\/index.php?rest_route=\/wp\/v2\/posts"}],"about":[{"href":"https:\/\/archive.sana.sy\/tr\/index.php?rest_route=\/wp\/v2\/types\/post"}],"author":[{"embeddable":true,"href":"https:\/\/archive.sana.sy\/tr\/index.php?rest_route=\/wp\/v2\/users\/1"}],"replies":[{"embeddable":true,"href":"https:\/\/archive.sana.sy\/tr\/index.php?rest_route=%2Fwp%2Fv2%2Fcomments&post=104081"}],"version-history":[{"count":0,"href":"https:\/\/archive.sana.sy\/tr\/index.php?rest_route=\/wp\/v2\/posts\/104081\/revisions"}],"wp:featuredmedia":[{"embeddable":true,"href":"https:\/\/archive.sana.sy\/tr\/index.php?rest_route=\/wp\/v2\/media\/104084"}],"wp:attachment":[{"href":"https:\/\/archive.sana.sy\/tr\/index.php?rest_route=%2Fwp%2Fv2%2Fmedia&parent=104081"}],"wp:term":[{"taxonomy":"category","embeddable":true,"href":"https:\/\/archive.sana.sy\/tr\/index.php?rest_route=%2Fwp%2Fv2%2Fcategories&post=104081"},{"taxonomy":"post_tag","embeddable":true,"href":"https:\/\/archive.sana.sy\/tr\/index.php?rest_route=%2Fwp%2Fv2%2Ftags&post=104081"}],"curies":[{"name":"wp","href":"https:\/\/api.w.org\/{rel}","templated":true}]}}