{"id":104090,"date":"2017-02-06T15:18:30","date_gmt":"2017-02-06T13:18:30","guid":{"rendered":"http:\/\/www.sana.sy\/tr\/?p=104090"},"modified":"2017-02-06T15:28:04","modified_gmt":"2017-02-06T13:28:04","slug":"cumhurbaskani-bessar-el-esad-belcika-parlamento-uyesi-filip-dewinter-baskanliginda-suriyeye-is-gezisinde-bulunan-belcikali-parlamenter-heyeti-kabul-etti","status":"publish","type":"post","link":"https:\/\/archive.sana.sy\/tr\/?p=104090","title":{"rendered":"Cumhurba\u015fkan\u0131 Be\u015f\u015far el Esad Bel\u00e7ika Parlamento \u00fcyesi Filip Dewinter ba\u015fkanl\u0131\u011f\u0131nda Suriye\u2019ye i\u015f gezisinde bulunan Bel\u00e7ikal\u0131 parlamenter heyeti kabul etti"},"content":{"rendered":"<p>Cumhurba\u015fkan\u0131 Be\u015f\u015far el Esad Bel\u00e7ika Parlamento \u00fcyesi Filip Dewinter ba\u015fkanl\u0131\u011f\u0131nda Suriye\u2019ye i\u015f gezisinde bulunan Bel\u00e7ikal\u0131 parlamenter heyeti kabul etti<\/p>\n","protected":false},"excerpt":{"rendered":"<p>Cumhurba\u015fkan\u0131 Be\u015f\u015far el Esad Bel\u00e7ika Parlamento \u00fcyesi Filip Dewinter ba\u015fkanl\u0131\u011f\u0131nda Suriye\u2019ye i\u015f gezisinde bulunan Bel\u00e7ikal\u0131 parlamenter heyeti kabul etti<\/p>\n","protected":false},"author":1,"featured_media":0,"comment_status":"closed","ping_status":"closed","sticky":false,"template":"","format":"standard","meta":{"footnotes":""},"categories":[17991],"tags":[],"class_list":["post-104090","post","type-post","status-publish","format-standard","","category-son-dakika"],"_links":{"self":[{"href":"https:\/\/archive.sana.sy\/tr\/index.php?rest_route=\/wp\/v2\/posts\/104090","targetHints":{"allow":["GET"]}}],"collection":[{"href":"https:\/\/archive.sana.sy\/tr\/index.php?rest_route=\/wp\/v2\/posts"}],"about":[{"href":"https:\/\/archive.sana.sy\/tr\/index.php?rest_route=\/wp\/v2\/types\/post"}],"author":[{"embeddable":true,"href":"https:\/\/archive.sana.sy\/tr\/index.php?rest_route=\/wp\/v2\/users\/1"}],"replies":[{"embeddable":true,"href":"https:\/\/archive.sana.sy\/tr\/index.php?rest_route=%2Fwp%2Fv2%2Fcomments&post=104090"}],"version-history":[{"count":0,"href":"https:\/\/archive.sana.sy\/tr\/index.php?rest_route=\/wp\/v2\/posts\/104090\/revisions"}],"wp:attachment":[{"href":"https:\/\/archive.sana.sy\/tr\/index.php?rest_route=%2Fwp%2Fv2%2Fmedia&parent=104090"}],"wp:term":[{"taxonomy":"category","embeddable":true,"href":"https:\/\/archive.sana.sy\/tr\/index.php?rest_route=%2Fwp%2Fv2%2Fcategories&post=104090"},{"taxonomy":"post_tag","embeddable":true,"href":"https:\/\/archive.sana.sy\/tr\/index.php?rest_route=%2Fwp%2Fv2%2Ftags&post=104090"}],"curies":[{"name":"wp","href":"https:\/\/api.w.org\/{rel}","templated":true}]}}