{"id":10411,"date":"2014-09-18T16:11:21","date_gmt":"2014-09-18T13:11:21","guid":{"rendered":"http:\/\/www.sana.sy\/tr\/?p=10411"},"modified":"2014-09-22T13:36:33","modified_gmt":"2014-09-22T10:36:33","slug":"suriye-gencligi-okullari-ulusal-bayrak-renkleriyle-susluyor","status":"publish","type":"post","link":"https:\/\/archive.sana.sy\/tr\/?p=10411","title":{"rendered":"Suriye Gen\u00e7li\u011fi Okullar\u0131 Ulusal Bayrak Renkleriyle S\u00fcsl\u00fcyor"},"content":{"rendered":"<p>\u0130LLER \u2013 Devrim Gen\u00e7lik Birli\u011fi, \u201cOkulum Bayra\u011f\u0131m\u0131n Rengiyle\u201d ad\u0131nda yeni bir kampanya ba\u015flatt\u0131. Kampanyada okullar\u0131n duvarlar\u0131 Suriye ulusal bayra\u011f\u0131n renkleriyle boyan\u0131yor.<\/p>\n<p>Hayat\u0131n ilin okullar\u0131na d\u00f6nmesini simgeledi\u011fi belirtilen kampanyaya Homs\u2019ta 900 gen\u00e7, Kunayta\u2019da 350 gen\u00e7, \u0130dlib\u2019de 500 gen\u00e7, S\u00fcveyda\u2019da 100 gen\u00e7, Hama\u2019da 600 gen\u00e7 ve di\u011fer illerde y\u00fczlerce gen\u00e7 daha kat\u0131ld\u0131.<\/p>\n<p>Devrim Gen\u00e7lik Birli\u011fi \u00d6rg\u00fct\u00fc Ba\u015fkan\u0131 Maan Abbud \u201cBayra\u011f\u0131m Okulumun Rengiyle\u201d kampanyas\u0131n\u0131n Suriye gen\u00e7li\u011finin izzeti ve onuru simgeleyen bayraklar\u0131na olan sevginin bir yans\u0131mas\u0131 oldu\u011funu belirtti.<\/p>\n<p>Devrim Gen\u00e7lik Birli\u011fi Homs \u015eubesi Sekreteri \u015ehade Matar kampanyan\u0131n ilin b\u00fcy\u00fck bir k\u0131sm\u0131n\u0131 kapsad\u0131\u011f\u0131n\u0131, gen\u00e7lerde g\u00f6n\u00fcll\u00fc i\u015f yapma k\u00fclt\u00fcr\u00fcn\u00fc peki\u015ftirmeyi hedefledi\u011fini s\u00f6yledi.<\/p>\n<p>Ulusal bayra\u011f\u0131n sembolik \u00f6nemine dikkat \u00e7eken Matar, kampanyan\u0131n e\u011fitim y\u0131l\u0131n\u0131n ba\u015flamas\u0131yla zamanlamas\u0131n\u0131n ter\u00f6ristler taraf\u0131ndan tahrip edilen eski Homs\u2019ta \u00f6zel bir anlam ta\u015f\u0131d\u0131\u011f\u0131n\u0131n alt\u0131n\u0131 \u00e7izdi.<\/p>\n<div id='gallery-1' class='gallery galleryid-10411 gallery-columns-2 gallery-size-thumbnail'><figure class='gallery-item'>\n\t\t\t<div class='gallery-icon landscape'>\n\t\t\t\t<a href='https:\/\/archive.sana.sy\/tr\/?attachment_id=10413'><img loading=\"lazy\" decoding=\"async\" width=\"150\" height=\"79\" src=\"https:\/\/archive.sana.sy\/tr\/wp-content\/uploads\/2014\/09\/kampanya-04-150x79.jpg\" class=\"attachment-thumbnail size-thumbnail\" alt=\"\" srcset=\"https:\/\/archive.sana.sy\/tr\/wp-content\/uploads\/2014\/09\/kampanya-04-150x79.jpg 150w, https:\/\/archive.sana.sy\/tr\/wp-content\/uploads\/2014\/09\/kampanya-04-300x160.jpg 300w, https:\/\/archive.sana.sy\/tr\/wp-content\/uploads\/2014\/09\/kampanya-04.jpg 620w\" sizes=\"auto, (max-width: 150px) 100vw, 150px\" \/><\/a>\n\t\t\t<\/div><\/figure><figure class='gallery-item'>\n\t\t\t<div class='gallery-icon landscape'>\n\t\t\t\t<a href='https:\/\/archive.sana.sy\/tr\/?attachment_id=10414'><img loading=\"lazy\" decoding=\"async\" width=\"150\" height=\"79\" src=\"https:\/\/archive.sana.sy\/tr\/wp-content\/uploads\/2014\/09\/kampanya-00-150x79.jpg\" class=\"attachment-thumbnail size-thumbnail\" alt=\"\" srcset=\"https:\/\/archive.sana.sy\/tr\/wp-content\/uploads\/2014\/09\/kampanya-00-150x79.jpg 150w, https:\/\/archive.sana.sy\/tr\/wp-content\/uploads\/2014\/09\/kampanya-00-300x160.jpg 300w, https:\/\/archive.sana.sy\/tr\/wp-content\/uploads\/2014\/09\/kampanya-00.jpg 620w\" sizes=\"auto, (max-width: 150px) 100vw, 150px\" \/><\/a>\n\t\t\t<\/div><\/figure><figure class='gallery-item'>\n\t\t\t<div class='gallery-icon landscape'>\n\t\t\t\t<a href='https:\/\/archive.sana.sy\/tr\/?attachment_id=10415'><img loading=\"lazy\" decoding=\"async\" width=\"150\" height=\"79\" src=\"https:\/\/archive.sana.sy\/tr\/wp-content\/uploads\/2014\/09\/kampanya-01-150x79.jpg\" class=\"attachment-thumbnail size-thumbnail\" alt=\"\" srcset=\"https:\/\/archive.sana.sy\/tr\/wp-content\/uploads\/2014\/09\/kampanya-01-150x79.jpg 150w, https:\/\/archive.sana.sy\/tr\/wp-content\/uploads\/2014\/09\/kampanya-01-300x160.jpg 300w, https:\/\/archive.sana.sy\/tr\/wp-content\/uploads\/2014\/09\/kampanya-01.jpg 620w\" sizes=\"auto, (max-width: 150px) 100vw, 150px\" \/><\/a>\n\t\t\t<\/div><\/figure><figure class='gallery-item'>\n\t\t\t<div class='gallery-icon landscape'>\n\t\t\t\t<a href='https:\/\/archive.sana.sy\/tr\/?attachment_id=10416'><img loading=\"lazy\" decoding=\"async\" width=\"150\" height=\"99\" src=\"https:\/\/archive.sana.sy\/tr\/wp-content\/uploads\/2014\/09\/kampanya-02-150x99.jpg\" class=\"attachment-thumbnail size-thumbnail\" alt=\"\" srcset=\"https:\/\/archive.sana.sy\/tr\/wp-content\/uploads\/2014\/09\/kampanya-02-150x99.jpg 150w, https:\/\/archive.sana.sy\/tr\/wp-content\/uploads\/2014\/09\/kampanya-02-300x199.jpg 300w, https:\/\/archive.sana.sy\/tr\/wp-content\/uploads\/2014\/09\/kampanya-02-1024x680.jpg 1024w\" sizes=\"auto, (max-width: 150px) 100vw, 150px\" \/><\/a>\n\t\t\t<\/div><\/figure>\n\t\t<\/div>\n\n<p>&nbsp;<\/p>\n<div style=\"width: 618px;\" class=\"wp-video\"><!--[if lt IE 9]><script>document.createElement('video');<\/script><![endif]-->\n<video class=\"wp-video-shortcode\" id=\"video-10411-1\" width=\"618\" height=\"348\" preload=\"metadata\" controls=\"controls\"><source type=\"video\/x-flv\" src=\"http:\/\/www.sana.sy\/tr\/wp-content\/uploads\/2014\/09\/Okul-Kampanyas\u0131.flv?_=1\" \/><a href=\"http:\/\/www.sana.sy\/tr\/wp-content\/uploads\/2014\/09\/Okul-Kampanyas\u0131.flv\">http:\/\/www.sana.sy\/tr\/wp-content\/uploads\/2014\/09\/Okul-Kampanyas\u0131.flv<\/a><\/video><\/div>\n","protected":false},"excerpt":{"rendered":"<p>\u0130LLER \u2013 Devrim Gen\u00e7lik Birli\u011fi, \u201cOkulum Bayra\u011f\u0131m\u0131n Rengiyle\u201d ad\u0131nda yeni bir kampanya ba\u015flatt\u0131. Kampanyada okullar\u0131n duvarlar\u0131 Suriye ulusal bayra\u011f\u0131n renkleriyle boyan\u0131yor. Hayat\u0131n ilin okullar\u0131na d\u00f6nmesini simgeledi\u011fi belirtilen kampanyaya Homs\u2019ta 900 gen\u00e7, Kunayta\u2019da 350 gen\u00e7, \u0130dlib\u2019de 500 gen\u00e7, S\u00fcveyda\u2019da 100 gen\u00e7, Hama\u2019da 600 gen\u00e7 ve di\u011fer illerde y\u00fczlerce gen\u00e7 daha kat\u0131ld\u0131. Devrim Gen\u00e7lik Birli\u011fi \u00d6rg\u00fct\u00fc Ba\u015fkan\u0131 &hellip;<\/p>\n","protected":false},"author":1,"featured_media":10412,"comment_status":"closed","ping_status":"closed","sticky":false,"template":"","format":"standard","meta":{"footnotes":""},"categories":[596,479],"tags":[2411],"class_list":["post-10411","post","type-post","status-publish","format-standard","has-post-thumbnail","","category-fotografli-raporlar","category-haberler-yerel","tag-suriye-gencligi-okullari-ulusal-bayrak-renkleriyle-susluyor"],"_links":{"self":[{"href":"https:\/\/archive.sana.sy\/tr\/index.php?rest_route=\/wp\/v2\/posts\/10411","targetHints":{"allow":["GET"]}}],"collection":[{"href":"https:\/\/archive.sana.sy\/tr\/index.php?rest_route=\/wp\/v2\/posts"}],"about":[{"href":"https:\/\/archive.sana.sy\/tr\/index.php?rest_route=\/wp\/v2\/types\/post"}],"author":[{"embeddable":true,"href":"https:\/\/archive.sana.sy\/tr\/index.php?rest_route=\/wp\/v2\/users\/1"}],"replies":[{"embeddable":true,"href":"https:\/\/archive.sana.sy\/tr\/index.php?rest_route=%2Fwp%2Fv2%2Fcomments&post=10411"}],"version-history":[{"count":0,"href":"https:\/\/archive.sana.sy\/tr\/index.php?rest_route=\/wp\/v2\/posts\/10411\/revisions"}],"wp:featuredmedia":[{"embeddable":true,"href":"https:\/\/archive.sana.sy\/tr\/index.php?rest_route=\/wp\/v2\/media\/10412"}],"wp:attachment":[{"href":"https:\/\/archive.sana.sy\/tr\/index.php?rest_route=%2Fwp%2Fv2%2Fmedia&parent=10411"}],"wp:term":[{"taxonomy":"category","embeddable":true,"href":"https:\/\/archive.sana.sy\/tr\/index.php?rest_route=%2Fwp%2Fv2%2Fcategories&post=10411"},{"taxonomy":"post_tag","embeddable":true,"href":"https:\/\/archive.sana.sy\/tr\/index.php?rest_route=%2Fwp%2Fv2%2Ftags&post=10411"}],"curies":[{"name":"wp","href":"https:\/\/api.w.org\/{rel}","templated":true}]}}