{"id":104164,"date":"2017-02-07T10:18:33","date_gmt":"2017-02-07T08:18:33","guid":{"rendered":"http:\/\/www.sana.sy\/tr\/?p=104164"},"modified":"2017-02-08T15:29:22","modified_gmt":"2017-02-08T13:29:22","slug":"abd-ve-rusya-isbirliginin-olumlu-etkisi-olacak","status":"publish","type":"post","link":"https:\/\/archive.sana.sy\/tr\/?p=104164","title":{"rendered":"ABD ve Rusya \u0130\u015fbirli\u011finin Olumlu Etkisi Olacak (video)"},"content":{"rendered":"<p>\u015eAM \u2013 Cumhurba\u015fkan\u0131 Be\u015f\u015far el Esad, Suriye\u2019nin Suriye halk\u0131n\u0131n m\u00fclk\u00fc oldu\u011funu, bar\u0131\u015f\u0131n sa\u011flanmas\u0131n\u0131n iki hususa dayand\u0131\u011f\u0131n\u0131 s\u00f6yledi.<\/p>\n<p>Bel\u00e7ika bas\u0131n\u0131na konu\u015fan el Esad, \u201c Bar\u0131\u015f\u0131n sa\u011flanmas\u0131 iki hususa dayan\u0131yor. Birincisi ter\u00f6r ve ter\u00f6ristlerle m\u00fccadele, ter\u00f6r ak\u0131\u015f\u0131n\u0131n durdurulmas\u0131 ve ter\u00f6ristlere verilen her t\u00fcrl\u00fc lojistik deste\u011fin sona erdirilmesi. \u0130kincisi ise, \u00fclkelerinin gelece\u011fini ve siyasi rejimini belirlemek amac\u0131yla Suriyeliler aras\u0131nda diyalogun kurulmas\u0131d\u0131r\u201d diye konu\u015ftu.<\/p>\n<p>Yeni Amerikan y\u00f6netiminden beklentilerine de\u011finen el Esad, &#8220;ABD Ba\u015fkan\u0131 Trump\u2019\u0131n se\u00e7im kampanyas\u0131 s\u0131ras\u0131nda ve sonras\u0131nda, ter\u00f6ristlerle ve \u00f6zellikle I\u015e\u0130D\u2019le m\u00fccadele konusunda s\u00f6yledikleri umut verici. Ge\u00e7en 6 y\u0131l boyunca talep etti\u011fimiz buydu. San\u0131r\u0131m bu umut verici. Fakat bekleyip g\u00f6rmek gerekiyor. Pratik ve somut ad\u0131mlar atmas\u0131n\u0131 beklemek i\u00e7in \u00e7ok erken. Bu ABD ve Rusya\u2019n\u0131n i\u015fbirli\u011fine ba\u011fl\u0131. Bunun Suriye d\u00e2hil olmak \u00fczere d\u00fcnyan\u0131n d\u00f6rt bir yan\u0131na olumlu etkisi olaca\u011f\u0131n\u0131 d\u00fc\u015f\u00fcn\u00fcyoruz. Buna ra\u011fmen h\u00fck\u00fcm vermek i\u00e7in hen\u00fcz erken\u201d dedi.<\/p>\n<p><span style=\"color: #0000ff\">Bar\u0131\u015f \u0130\u00e7in \u0130ki Eksende \u0130lerleme Sa\u011flamak Gerekiyor<\/span><\/p>\n<p>Cumhurba\u015fkan\u0131 el Esad, bar\u0131\u015f\u0131n Kazakistan\u2019\u0131n ba\u015fkenti Astana\u2019da ba\u015flayan g\u00f6r\u00fc\u015fmelere ba\u011fl\u0131 olmad\u0131\u011f\u0131n\u0131 belirterek \u201cbu daha b\u00fcy\u00fck bir \u015feye ba\u011fl\u0131. Suriye\u2019ye ter\u00f6rist ak\u0131\u015f\u0131n\u0131 nas\u0131l durdurabilir? T\u00fcrkiye ve k\u00f6rfez \u00fclkeleri gibi b\u00f6lge \u00fclkeleri, Fransa, \u0130ngiltere gibi Avrupa \u00fclkeleri yada Obama y\u00f6netimi d\u00f6neminde ABD\u2019den Suriye\u2019ye ter\u00f6rist ak\u0131\u015f\u0131n\u0131n durdurulmas\u0131na ba\u011fl\u0131. Bu konunun \u00fczerinde durabilirsek o zaman siyasi eylemlerden s\u00f6z edebiliriz\u201d diye konu\u015ftu.<\/p>\n<p>Astana g\u00f6r\u00fc\u015fmelerinin Suriye sava\u015f\u0131 s\u0131ras\u0131nda yap\u0131lan, Suriyeliler aras\u0131ndaki diyalogla ilgili giri\u015fimlerden biri oldu\u011funa i\u015faret eden el Esad, Astana toplant\u0131s\u0131 konusunda h\u00fck\u00fcm vermek i\u00e7in hen\u00fcz erken oldu\u011funun alt\u0131n\u0131 \u00e7izdi.<br \/>\nCumhurba\u015fkan\u0131 el Esad, Astana\u2019da yap\u0131lan ilk toplant\u0131n\u0131n Suriye\u2019nin toprak b\u00fct\u00fcnl\u00fc\u011f\u00fc ve Suriyelilerin kendi geleceklerine karar verecekleri gibi ilkelere odaklanmas\u0131 a\u00e7\u0131s\u0131ndan olumlu oldu\u011funu ifade etti.<\/p>\n<p>Astana iki g\u00f6r\u00fc\u015fmelerinin olma ihtimalinin y\u00fcksek oldu\u011funa i\u015faret eden el Esad; Suriye&#8217;de bar\u0131\u015f\u0131n sa\u011flanmas\u0131 i\u00e7in iki temel eksende ilerlemek gerekti\u011fini vurgulad\u0131. El Esad bu eksenlerinin ilkinin ter\u00f6re kar\u015f\u0131 sava\u015f\u0131n yan\u0131 s\u0131ra ter\u00f6r ak\u0131\u015f\u0131 ve ter\u00f6re her t\u00fcrl\u00fc deste\u011fin kesilmesi oldu\u011funu, ikinci eksenin ise Suriyelilerin \u00fclkelerinin gelece\u011fi ve siyasi y\u00f6netimini kendi iradeleri ve kararlar\u0131yla diyalog arac\u0131l\u0131\u011f\u0131 ile belirlemeleri oldu\u011funu kaydetti.<\/p>\n<p><span style=\"color: #0000ff\">Anla\u015fma Devam Ediyor<\/span><\/p>\n<p>Suriye&#8217;de \u00e7at\u0131\u015fmalar\u0131n durdurulmas\u0131 anla\u015fmas\u0131 ve seyrine ili\u015fkin soruya cevab\u0131nda el Esad; her sava\u015fta ve d\u00fcnyan\u0131n her yerinde ate\u015fkeslerin ve \u00e7at\u0131\u015fmalar\u0131n durdurulmas\u0131 anla\u015fmas\u0131n\u0131n do\u011fal bir \u015fekilde ihlal edilme durumunun olabilece\u011fini kaydetti.<\/p>\n<p>Bu ihlallerin Suriye&#8217;nin anla\u015fmay\u0131 sabote etme politikas\u0131 izledi\u011fi anlam\u0131na gelmedi\u011fine dikkat \u00e7eken el Esad; \u00e7at\u0131\u015fmalar\u0131n durdurulmas\u0131 ihlallerinin g\u00fcn\u00fc birlik hatta saat ba\u015f\u0131 \u00f6nlenmeye \u00e7al\u0131\u015f\u0131ld\u0131\u011f\u0131n\u0131 belirtti. El Esad her \u015feye ra\u011fmen Suriye&#8217;de \u00e7at\u0131\u015fmalar\u0131n durdurulmas\u0131 anla\u015fmas\u0131n\u0131n hala direndi\u011fini ve devam etti\u011fini kaydetti.<\/p>\n<p><span style=\"color: #0000ff\">Askeri Her Vesile Ge\u00e7erlidir<\/span><\/p>\n<p>I<a href=\"http:\/\/www.sana.sy\/tr\/wp-content\/uploads\/2017\/02\/Esad-2-1.jpg\"><img loading=\"lazy\" decoding=\"async\" class=\"alignright wp-image-104179 size-medium\" src=\"http:\/\/www.sana.sy\/tr\/wp-content\/uploads\/2017\/02\/Esad-2-1-244x300.jpg\" width=\"244\" height=\"300\" srcset=\"https:\/\/archive.sana.sy\/tr\/wp-content\/uploads\/2017\/02\/Esad-2-1-244x300.jpg 244w, https:\/\/archive.sana.sy\/tr\/wp-content\/uploads\/2017\/02\/Esad-2-1-122x150.jpg 122w, https:\/\/archive.sana.sy\/tr\/wp-content\/uploads\/2017\/02\/Esad-2-1-768x945.jpg 768w, https:\/\/archive.sana.sy\/tr\/wp-content\/uploads\/2017\/02\/Esad-2-1-832x1024.jpg 832w\" sizes=\"auto, (max-width: 244px) 100vw, 244px\" \/><\/a>\u015e\u0130D\u2019e kar\u015f\u0131 sava\u015fta her vesilenin ge\u00e7erli olup olmad\u0131\u011f\u0131na il\u015fkin soruya cevab\u0131nda el Esad; her vesile teriminin geni\u015f oldu\u011funu, fakat askeri her vesilenin ge\u00e7erli olabilece\u011fini belirtti.<\/p>\n<p>El Esad sadece I\u015e\u0130D ya da Nusra Cephesine kar\u015f\u0131 de\u011fil, masum sivil insanlara, altyap\u0131 ve hizmet kurumlar\u0131na, \u00f6zel ve kamu m\u00fclklere kar\u015f\u0131 sald\u0131r\u0131da bulunan Kaide \u00d6rg\u00fct\u00fc tabanl\u0131 ter\u00f6r \u00f6rg\u00fctlere kar\u015f\u0131 sava\u015fta askeri her vesilenin ge\u00e7erli oldu\u011funu kaydetti.<\/p>\n<p>Bu ter\u00f6ristlerin i\u015fledikleri insanl\u0131k d\u0131\u015f\u0131 vah\u015fetlere dikkat \u00e7eken el Esad; devletin de anayasal sorumlulu\u011fu kapsam\u0131nda halk\u0131 ve devlet kurumlar\u0131n\u0131 korumas\u0131 gerekti\u011finin alt\u0131n\u0131 \u00e7izdi.<\/p>\n<p><span style=\"color: #0000ff\">Radikal Ter\u00f6ristlerle Diyalog M\u00fcmk\u00fcn De\u011fildir<\/span><\/p>\n<p>Ter\u00f6re kar\u015f\u0131 sava\u015fta Halep\u2019te meydana gelen y\u0131k\u0131m gibi b\u00fcy\u00fck y\u0131k\u0131mlar\u0131n olmad\u0131\u011f\u0131 bir \u00e7\u00f6z\u00fcm y\u00f6nteminin olup olmad\u0131\u011f\u0131na ili\u015fkin soruya cevab\u0131nda el Esad; Suriye devletinin akla gelecek ve gelmeyecek her yolu denedi\u011fini belirtti.<\/p>\n<p>Fakat I\u015e\u0130D, Nusra Cephesi ve benzerleri radikal ter\u00f6r \u00f6rg\u00fctleri diyaloga ikna etmenin m\u00fcmk\u00fcn olmad\u0131\u011f\u0131na dikkat \u00e7eken el Esad; bu ter\u00f6r \u00f6rg\u00fctlerin diyalogu a\u00e7\u0131k ve net bir \u015fekilde reddedip \u015fiddet ve radikalli\u011fe dayal\u0131 ideolojilerini yaymaya \u00e7al\u0131\u015ft\u0131klar\u0131n\u0131n alt\u0131n\u0131 \u00e7izdi.<\/p>\n<p>El Esad bu ter\u00f6r \u00f6rg\u00fctlerin sivil bir devlet ya da \u00fclke istemediklerini, tek ama\u00e7lar\u0131n\u0131n radikallik ve \u015fiddet oldu\u011funu belirtti. Bu ger\u00e7e\u011fin de art\u0131k bilindi\u011fine i\u015faret eden el Esad; fakat ferdi olarak bu radikal ideolojiden caymas\u0131 ve silah\u0131n\u0131 teslim etmesi halinde herkesi kapsayan bir af karar\u0131n\u0131n bulundu\u011funu vurgulad\u0131.<\/p>\n<p><span style=\"color: #0000ff\">Etkisiz ve Kanunsuz Bir Koalisyondur<\/span><\/p>\n<p>Bel\u00e7ika\u2019n\u0131n ABD komutas\u0131ndaki koalisyon kapsam\u0131nda I\u015e\u0130D\u2019e kar\u015f\u0131 operasyonlar\u0131na ili\u015fkin soruya cevab\u0131nda el Esad; ger\u00e7ekte bu koalisyonun I\u015e\u0130D\u2019e kar\u015f\u0131 sava\u015fmad\u0131\u011f\u0131n\u0131, as\u0131l amac\u0131n daha \u00e7ok medya propagandas\u0131 oldu\u011funu ifade etti.<\/p>\n<p>Uluslar aras\u0131 koalisyon ad\u0131 verilen olu\u015fumun tamamen hayali oldu\u011funa dikkat \u00e7eken el Esad; bu koalisyonun ilan\u0131ndan bir y\u0131la kadar s\u00fcre i\u00e7inde I\u015e\u0130D\u2019in daha \u00e7ok b\u00fcy\u00fcd\u00fc\u011f\u00fcn\u00fc ve geni\u015fledi\u011fine dikkat \u00e7ekti.<\/p>\n<p>Bu koalisyonun etkisiz ve g\u00f6stermelik olmas\u0131na ra\u011fmen kanunsuz oldu\u011funa da dikkat \u00e7eken el Esad; Suriye&#8217;de me\u015fru h\u00fck\u00fcmetin izni olmaks\u0131z\u0131n yap\u0131lmas\u0131yla Suriye&#8217;nin egemenli\u011fine kar\u015f\u0131 ihlal oldu\u011funu s\u00f6yledi. El Esad bu koalisyonun I\u015e\u0130D\u2019e kar\u015f\u0131 hi\u00e7bir etkinli\u011fi olmad\u0131\u011f\u0131 gibi Suriyelilerin I\u015e\u0130D\u2019in elinde kurban gitmelerini de engellemedi\u011fini ifade etti.<\/p>\n<p><span style=\"color: #0000ff\">Halk\u0131n Deste\u011fi Olmadan Ba\u015far\u0131 Sa\u011flamak M\u00fcmk\u00fcn De\u011fildir<\/span><\/p>\n<p>Suriye halk\u0131n\u0131n kendisini se\u00e7memesi halinde g\u00f6revinden \u00e7ekilip \u00e7ekilmeyece\u011fi sorusuna cevab\u0131nda el Esad; ku\u015fkusuz ve do\u011fal olarak \u00e7ekilece\u011finin alt\u0131n\u0131 \u00e7izdi.<\/p>\n<p>El Esad cumhurba\u015fkan\u0131n\u0131n anayasa ve kanunlar kapsam\u0131nda se\u00e7im sand\u0131klar\u0131yla halk taraf\u0131ndan se\u00e7ilece\u011fini ve halk taraf\u0131ndan g\u00f6revine son verilece\u011fini vurgulad\u0131.<\/p>\n<p>Bunun yan\u0131 s\u0131ra halk\u0131n\u0131n deste\u011fine sahip olmayan hi\u00e7bir liderin \u00f6zellikle sava\u015f durumunda \u00fclkesi i\u00e7in ba\u015far\u0131 kaydetmesinin m\u00fcmk\u00fcn olmad\u0131\u011f\u0131n\u0131 belirten el Esad; \u00fclkenin kurtar\u0131lmas\u0131 ya da ilerleme sa\u011flamas\u0131 i\u00e7in halk deste\u011finin mutlak bir gereklilik te\u015fkil etti\u011fini ifade etti.<\/p>\n<p><span style=\"color: #0000ff\">Suriye Suriyelilerin M\u00fclk\u00fcd\u00fcr<\/span><\/p>\n<p><a href=\"http:\/\/www.sana.sy\/tr\/wp-content\/uploads\/2017\/02\/Esad-5.jpg\"><img loading=\"lazy\" decoding=\"async\" class=\"alignright wp-image-104181 size-medium\" src=\"http:\/\/www.sana.sy\/tr\/wp-content\/uploads\/2017\/02\/Esad-5-230x300.jpg\" width=\"230\" height=\"300\" srcset=\"https:\/\/archive.sana.sy\/tr\/wp-content\/uploads\/2017\/02\/Esad-5-230x300.jpg 230w, https:\/\/archive.sana.sy\/tr\/wp-content\/uploads\/2017\/02\/Esad-5-115x150.jpg 115w, https:\/\/archive.sana.sy\/tr\/wp-content\/uploads\/2017\/02\/Esad-5-768x1003.jpg 768w, https:\/\/archive.sana.sy\/tr\/wp-content\/uploads\/2017\/02\/Esad-5-784x1024.jpg 784w\" sizes=\"auto, (max-width: 230px) 100vw, 230px\" \/><\/a>Esad ailesinin uzun s\u00fcredir y\u00f6netimde oldu\u011fu ve y\u00f6netimden tamamen \u00e7ekilmesinin m\u00fcmk\u00fcn olup olmad\u0131\u011f\u0131na ili\u015fkin soruya cevab\u0131nda el Esad; Suriye&#8217;nin Esad ailesinin m\u00fclk\u00fc olmad\u0131\u011f\u0131n\u0131, Suriye&#8217;yi y\u00f6netenlerin de sadece Esad ailesi olmad\u0131\u011f\u0131n\u0131n alt\u0131n\u0131 \u00e7izdi.<\/p>\n<p>Kendisinin b\u00fcy\u00fck \u00f6nder Haf\u0131z el Esad\u2019\u0131n ya\u015fad\u0131\u011f\u0131 s\u0131rada de\u011fil de, vefat\u0131ndan sonra yap\u0131lan se\u00e7imle g\u00f6reve geldi\u011fini belirten Cumhurba\u015fkan\u0131 el Esad; b\u00fcy\u00fck \u00f6nderin kendisinin cumhurba\u015fkanl\u0131\u011f\u0131na se\u00e7ilmesiyle ilgisi olmad\u0131\u011f\u0131n\u0131 kaydetti.<\/p>\n<p>B\u00fcy\u00fck \u00f6nder zaman\u0131nda h\u00fck\u00fcmetin hi\u00e7bir makam\u0131nda g\u00f6rev yapmad\u0131\u011f\u0131na dikkat \u00e7eken el Esad; b\u00fcy\u00fck \u00f6nderin kendisini cumhurba\u015fkan\u0131 yapma plan\u0131 olmas\u0131 halinde hayattayken ona bir h\u00fck\u00fcmet makam\u0131 ya da sorumluluk vermi\u015f olmas\u0131 gerekti\u011fine i\u015faret etti.<\/p>\n<p>Kendisinin cumhurba\u015fkanl\u0131\u011f\u0131 makam\u0131na se\u00e7ilmesinin ilk an\u0131ndan beri \u00f6zellikle Bat\u0131l\u0131 medya ara\u00e7lar\u0131nda bu konuda \u00e7arp\u0131t\u0131lm\u0131\u015f bilgilerin propagandas\u0131 yap\u0131ld\u0131\u011f\u0131na dikkat \u00e7eken el Esad; kendisinin babas\u0131 taraf\u0131ndan de\u011fil, Suriye halk\u0131 taraf\u0131ndan se\u00e7ildi\u011finin alt\u0131n\u0131 \u00e7izdi.<\/p>\n<p>Suriye&#8217;nin t\u00fcm Suriyelilerin m\u00fclk\u00fc oldu\u011funun bir kez daha alt\u0131n\u0131 \u00e7izen el Esad; Suriyeli her vatanda\u015f\u0131n anayasa ve kanunlar kapsam\u0131nda cumhurba\u015fkanl\u0131\u011f\u0131 makam\u0131nda olmas\u0131n\u0131n hakk\u0131 oldu\u011funu kaydetti.<\/p>\n<p><span style=\"color: #0000ff\">Suriye&#8217;nin Y\u0131k\u0131lmas\u0131nda Rol Alanlar Yap\u0131land\u0131r\u0131lmas\u0131nda Rol Alamazlar<\/span><\/p>\n<p>Avrupa Birli\u011fi ya da NATO\u2019nun Suriye&#8217;nin yeniden yap\u0131land\u0131r\u0131lmas\u0131nda rol almalar\u0131na ili\u015fkin soruya cevab\u0131nda el Esad; AB\u2019nin Suriye ve halk\u0131na y\u00f6nelik sava\u015f\u0131n ba\u015flang\u0131c\u0131ndan beri muhtelif isimler alt\u0131nda ter\u00f6r\u00fc destekledi\u011fini belirtti.<\/p>\n<p>Suriye&#8217;de y\u0131k\u0131m ve \u00f6l\u00fcmde rol alanlar\u0131n yeniden yap\u0131lanmada rol almalar\u0131n\u0131n m\u00fcmk\u00fcn olmad\u0131\u011f\u0131n\u0131 vurgulayan el Esad; AB\u2019nin daha \u00f6nce I\u015e\u0130D ve Nusra Cephesini bile destekledi\u011fini kaydetti. El Esad AB\u2019nin her \u015feyden \u00f6nce ter\u00f6re deste\u011fini kesmesi ve Suriye&#8217;nin egemenli\u011fine ili\u015fkin net bir tutum almalar\u0131 gerekti\u011fini, ancak o \u015fekilde bunun s\u00f6z konusu olabilece\u011fini ifade etti.<\/p>\n<p><span style=\"color: #0000ff\">Her \u0130nsan Ferdi Olarak Hata \u0130\u015fler<\/span><\/p>\n<p>Son iki y\u0131l i\u00e7inde pi\u015fman olaca\u011f\u0131 bir durum olup olmad\u0131\u011f\u0131na ili\u015fkin soruya cevab\u0131nda el Esad; her hatan\u0131n pi\u015fmanl\u0131\u011fa yol a\u00e7abilece\u011fini kaydetti. Kendisinin de ferdi olarak hata i\u015flemi\u015f olabilece\u011fine i\u015faret eden el Esad; her insan\u0131n ferdi olarak hata i\u015fleyebilece\u011fini s\u00f6yledi.<\/p>\n<p>Fakat genel olarak s\u00f6z edilecek olursa kendisinin krizin ba\u015f\u0131ndan beri \u00fc\u00e7 temel karar ald\u0131\u011f\u0131n\u0131 ve bu kararlar\u0131n do\u011frulu\u011funa inand\u0131\u011f\u0131n\u0131 belirtti. El Esad al\u0131nan \u00fc\u00e7 karar\u0131n ilkinin ter\u00f6rle m\u00fccadele, ikincisinin Suriyeliler aras\u0131nda diyalog, \u00fc\u00e7\u00fcnc\u00fcs\u00fcn\u00fcn ise her siyasi giri\u015fime olumlu yakla\u015fmak oldu\u011funu kaydetti. Bu karar\u0131n \u00fc\u00e7\u00fcn\u00fcn de do\u011frulu\u011funa inand\u0131\u011f\u0131n\u0131 belirten el Esad; bu kararlar\u0131 en iyi \u015fekilde hayata ge\u00e7irmeye \u00e7al\u0131\u015ft\u0131\u011f\u0131n\u0131 da belirtti.<\/p>\n<p>El Esad fakat her \u015feye ra\u011fmen \u00f6zellikle bu gibi durumlarda ferdi hatalar\u0131n olabilece\u011fini bir\u00e7ok kez ifade etti\u011fine i\u015faret etti.<\/p>\n<p><span style=\"color: #0000ff\">Bu Sava\u015f\u0131 \u00d6nlemek M\u00fcmk\u00fcn De\u011fildi<\/span><\/p>\n<p><a href=\"http:\/\/www.sana.sy\/tr\/wp-content\/uploads\/2017\/02\/Esad-1-1.jpg\"><img loading=\"lazy\" decoding=\"async\" class=\"alignright wp-image-104178 size-medium\" src=\"http:\/\/www.sana.sy\/tr\/wp-content\/uploads\/2017\/02\/Esad-1-1-300x196.jpg\" width=\"300\" height=\"196\" srcset=\"https:\/\/archive.sana.sy\/tr\/wp-content\/uploads\/2017\/02\/Esad-1-1-300x196.jpg 300w, https:\/\/archive.sana.sy\/tr\/wp-content\/uploads\/2017\/02\/Esad-1-1-150x98.jpg 150w, https:\/\/archive.sana.sy\/tr\/wp-content\/uploads\/2017\/02\/Esad-1-1-768x501.jpg 768w, https:\/\/archive.sana.sy\/tr\/wp-content\/uploads\/2017\/02\/Esad-1-1-1024x667.jpg 1024w\" sizes=\"auto, (max-width: 300px) 100vw, 300px\" \/><\/a>Suriye ve halk\u0131na y\u00f6nelik y\u00fcr\u00fct\u00fclen bu sava\u015f\u0131n y\u0131llar \u00f6nce \u00f6nlenmesinin m\u00fcmk\u00fcn olup olmad\u0131\u011f\u0131na ili\u015fkin soruya cevab\u0131nda el Esad; bunun kesinlikle m\u00fcmk\u00fcn olmad\u0131\u011f\u0131n\u0131 ifade etti.<\/p>\n<p>ABD, Fransa, \u0130ngiltere, T\u00fcrkiye, Suudi Arabistan ve Katar gibi \u00fclkelerin Suriye&#8217;de g\u00fcvenlik ve istikrar\u0131 sabote etme, Suriye\u2019yi zay\u0131flatma ve hegemonya alt\u0131na alma y\u00f6n\u00fcnde \u00f6nceden haz\u0131rlanm\u0131\u015f planlar\u0131 ve niyetleri bulundu\u011funa dikkat \u00e7ekti.<\/p>\n<p>Suriye\u2019de ya\u015fanan olaylara ili\u015fkin ger\u00e7eklerin ilk ba\u015ftan beri \u00e7arp\u0131t\u0131ld\u0131\u011f\u0131na dikkat \u00e7eken el Esad; \u00f6ne s\u00fcr\u00fclen t\u00fcm iddialar\u0131n asl\u0131 ger\u00e7e\u011fi olmad\u0131\u011f\u0131, bu sava\u015f\u0131n daha \u00f6nceden planland\u0131\u011f\u0131n\u0131n zamanla g\u00fcn \u0131\u015f\u0131\u011f\u0131 gibi ortaya \u00e7\u0131kt\u0131\u011f\u0131n\u0131 ifade etti.<\/p>\n<p>Sava\u015f\u0131n Suriye halk\u0131yla ilgisi olmad\u0131\u011f\u0131n\u0131 ifade eden el Esad; fakat buna ra\u011fmen Suriye&#8217;nin bir k\u0131s\u0131m a\u00e7\u0131klar\u0131n\u0131n bulundu\u011funu inkar etmenin de m\u00fcmk\u00fcn olmad\u0131\u011f\u0131n\u0131 s\u00f6yledi.<\/p>\n<p><span style=\"color: #0000ff\">Suriye&#8217;yi Ziyaret Edenlerin As\u0131l Amac\u0131 Ger\u00e7ekleri Yak\u0131ndan G\u00f6rmektir<\/span><\/p>\n<p>Bel\u00e7ikal\u0131 parlamenter heyet dahil olmak \u00fczere Suriye&#8217;yi ziyaret eden yabanc\u0131 heyetleri dost ya da m\u00fcttefik olarak g\u00f6r\u00fcp g\u00f6rmedi\u011fine ili\u015fkin soruya cevab\u0131nda el Esad; hi\u00e7bir politikac\u0131n\u0131n dostunu g\u00f6rmek i\u00e7in ba\u015fka bir \u00fclkeye i\u015f gezisinde bulunamayaca\u011f\u0131na i\u015faret etti.<\/p>\n<p>El Esad yabanc\u0131 heyetlerin Suriye&#8217;de ya\u015fananlar\u0131 yak\u0131ndan g\u00f6rme ve ger\u00e7ekleri g\u00f6r\u00fcp hem kendi h\u00fck\u00fcmetlerine hem de kamuoylar\u0131na yans\u0131tma ama\u00e7l\u0131 ziyaret ettiklerine dikkat \u00e7ekti. El Esad bir\u00e7ok devletin Suriye&#8217;de ya\u015fananlar\u0131 g\u00f6rmemeleriyle birlikte ger\u00e7ek\u00e7i yakla\u015fmad\u0131klar\u0131n\u0131 s\u00f6yledi.<\/p>\n<p>Dolay\u0131s\u0131yla yabanc\u0131 heyetlerin Suriye&#8217;de ya\u015fananlar\u0131 yak\u0131ndan g\u00f6rmeye gelmeleri i\u00e7in geldiklerini belirten el Esad; kendisinin de bak\u0131\u015f a\u00e7\u0131s\u0131n\u0131 dinlemeleri i\u00e7in onunla g\u00f6r\u00fc\u015fmelerinin do\u011fal oldu\u011funu s\u00f6zlerine ekledi.<\/p>\n<p><span style=\"color: #0000ff\">De\u011fi\u015fmeyen \u0130ki \u015eey Kald\u0131<\/span><\/p>\n<p><a href=\"http:\/\/www.sana.sy\/tr\/wp-content\/uploads\/2017\/02\/Esad-3.jpg\"><img loading=\"lazy\" decoding=\"async\" class=\"alignright wp-image-104180 size-medium\" src=\"http:\/\/www.sana.sy\/tr\/wp-content\/uploads\/2017\/02\/Esad-3-300x235.jpg\" width=\"300\" height=\"235\" srcset=\"https:\/\/archive.sana.sy\/tr\/wp-content\/uploads\/2017\/02\/Esad-3-300x235.jpg 300w, https:\/\/archive.sana.sy\/tr\/wp-content\/uploads\/2017\/02\/Esad-3-150x117.jpg 150w, https:\/\/archive.sana.sy\/tr\/wp-content\/uploads\/2017\/02\/Esad-3-768x601.jpg 768w, https:\/\/archive.sana.sy\/tr\/wp-content\/uploads\/2017\/02\/Esad-3-1024x802.jpg 1024w\" sizes=\"auto, (max-width: 300px) 100vw, 300px\" \/><\/a>Suriye ordusunun Halep ve \u015eam k\u0131rsal\u0131nda ter\u00f6re kar\u015f\u0131 \u00f6nemli zaferleri ve Bab Kenti yak\u0131nlar\u0131nda olmas\u0131 ard\u0131ndan Avrupa h\u00fck\u00fcmetlerinin Suriye konusunda tutumlar\u0131n\u0131 de\u011fi\u015ftirip de\u011fi\u015ftirmeyeceklerine ili\u015fkin soruya cevab\u0131nda el Esad; bu soruyu kendisinin de\u011fil de s\u00f6z konusu h\u00fck\u00fcmetlerin cevaplamas\u0131 gerekti\u011fini belirtti.<\/p>\n<p>Suriye&#8217;de ter\u00f6re kar\u015f\u0131 y\u00fcr\u00fct\u00fclen sava\u015f\u0131n Suriye ve Suriyelilerin sava\u015f\u0131 oldu\u011funu ifade eden el Esad; Suriye&#8217;nin de istisnas\u0131z her kar\u0131\u015f topra\u011f\u0131n\u0131 bu ter\u00f6rden kurtarmas\u0131 gerekti\u011finin alt\u0131n\u0131 \u00e7izdi.<\/p>\n<p>Her \u015feye ra\u011fmen Avrupa h\u00fck\u00fcmetlerinin Suriye&#8217;de halk taraf\u0131ndan hi\u00e7bir destek almayan ter\u00f6ristlere deste\u011fini kesmesi gerekti\u011finin tart\u0131\u015f\u0131lmaz oldu\u011funa dikkat \u00e7eken el Esad; Avrupa h\u00fck\u00fcmetlerinin destekledikleri ter\u00f6ristlerin Suriye halk\u0131n\u0131n de\u011fil, sadece belli ba\u015fl\u0131 devletlerin deste\u011fini ald\u0131\u011f\u0131n\u0131 kaydetti.<\/p>\n<p>S\u00f6zlerine devam eden el Esad; son iki y\u0131lda t\u00fcm d\u00fcnyan\u0131n de\u011fi\u015fti\u011fini, Suriye&#8217;de durumlar\u0131n de\u011fi\u015fti\u011fini, b\u00f6lgedeki durumlar\u0131n da de\u011fi\u015fti\u011fini ifade etti. El Esad de\u011fi\u015fmeyen iki \u015feyin kald\u0131\u011f\u0131na dikkat \u00e7ekerken, bunlar\u0131n ilkinin I\u015e\u0130D ve Nusra Cephesi ile temsil olan Kaide \u00d6rg\u00fct\u00fc oldu\u011funu, ikincisinin ize hala mazide ya\u015fayan Bat\u0131l\u0131 yetkililerin akl\u0131 oldu\u011funu belirtti.<\/p>\n<p><span style=\"color: #0000ff\">Ulusal ve Anayasal Sorumlulukta Bunlar\u0131n Hi\u00e7bir \u00d6nemi Yoktur<\/span><\/p>\n<p>Sava\u015f\u0131n sona ermesi ard\u0131ndan Lahey\u2019deki uluslar aras\u0131 mahkemenin Suriye&#8217;de sava\u015f su\u00e7u i\u015fleyenleri yarg\u0131lamas\u0131n\u0131 destekleyip desteklemedi\u011fine ili\u015fkin soruya cevab\u0131nda el Esad; Birle\u015fmi\u015f Milletlere tabi kurum ve \u00f6rg\u00fctlerin tarafl\u0131 olduklar\u0131na dikkat \u00e7ekti.<\/p>\n<p>El Esad bu kurum ve \u00f6rg\u00fctlerin genel olarak her daim siyasi ajandalar u\u011fruna taraf tuttuklar\u0131na vurgu yapan el Esad; ABD, Fransa ve \u0130ngiltere\u2019nin BM\u2019ye hegemonyas\u0131 kapsam\u0131nda hareket ettiklerini ifade etti. Bu kurum ve \u00f6rg\u00fctlerin hi\u00e7bir zaman ger\u00e7eklerin pe\u015finde olmad\u0131klar\u0131n\u0131 belirten el Esad; as\u0131l hedeflerinin belli ba\u015fl\u0131 devletlerin siyasi ajandalar\u0131n\u0131 hayata ge\u00e7irmek oldu\u011funu s\u00f6yledi.<\/p>\n<p>Cumhurba\u015fkan\u0131 olarak kendisinin yan\u0131 s\u0131ra Suriye h\u00fck\u00fcmeti ve ordusunun anayasa ve kanunlar kapsam\u0131nda sadece ve sadece \u00fclkeyi ve halk\u0131n\u0131 savunduklar\u0131n\u0131n alt\u0131n\u0131 \u00e7izen el Esad; dolay\u0131s\u0131yla g\u00f6revlerini yerine getirmeleriyle bu gibi meselelere hi\u00e7 ald\u0131rmad\u0131klar\u0131n\u0131 ifade etti.<\/p>\n<p>El Esad ulusal, kanuni ve insani a\u00e7\u0131dan vatan\u0131 savunma sorumlulukta ne s\u00f6z konusu mahkeme ne de siyasi ajandalar u\u011fruna taraf tutan hi\u00e7bir uluslar aras\u0131 \u00f6rg\u00fct ya da kurumu ald\u0131rman\u0131n mant\u0131kl\u0131 olmad\u0131\u011f\u0131n\u0131 s\u00f6yledi.<\/p>\n<p>https:\/\/www.youtube.com\/watch?v=c8S22Lpwr2Q<\/p>\n","protected":false},"excerpt":{"rendered":"<p>\u015eAM \u2013 Cumhurba\u015fkan\u0131 Be\u015f\u015far el Esad, Suriye\u2019nin Suriye halk\u0131n\u0131n m\u00fclk\u00fc oldu\u011funu, bar\u0131\u015f\u0131n sa\u011flanmas\u0131n\u0131n iki hususa dayand\u0131\u011f\u0131n\u0131 s\u00f6yledi. Bel\u00e7ika bas\u0131n\u0131na konu\u015fan el Esad, \u201c Bar\u0131\u015f\u0131n sa\u011flanmas\u0131 iki hususa dayan\u0131yor. Birincisi ter\u00f6r ve ter\u00f6ristlerle m\u00fccadele, ter\u00f6r ak\u0131\u015f\u0131n\u0131n durdurulmas\u0131 ve ter\u00f6ristlere verilen her t\u00fcrl\u00fc lojistik deste\u011fin sona erdirilmesi. \u0130kincisi ise, \u00fclkelerinin gelece\u011fini ve siyasi rejimini belirlemek amac\u0131yla Suriyeliler &hellip;<\/p>\n","protected":false},"author":1,"featured_media":104166,"comment_status":"closed","ping_status":"closed","sticky":false,"template":"","format":"standard","meta":{"footnotes":""},"categories":[479,611,605,17988,478],"tags":[27405,27408,27409,27406,27407],"class_list":["post-104164","post","type-post","status-publish","format-standard","has-post-thumbnail","","category-haberler-yerel","category-roportaj","category-sayin-cumhurbaskani","category-son-haberler","category-yerel","tag-abd-ve-rusya-isbirliginin-olumlu-etkisi-olacak","tag-barisin-saglanmasinin-iki-hususa-dayandigini-soyledi","tag-belcika-basinina-konusan-el-esad","tag-sam-cumhurbaskani-bessar-el-esad","tag-suriyenin-suriye-halkinin-mulku-oldugunu"],"_links":{"self":[{"href":"https:\/\/archive.sana.sy\/tr\/index.php?rest_route=\/wp\/v2\/posts\/104164","targetHints":{"allow":["GET"]}}],"collection":[{"href":"https:\/\/archive.sana.sy\/tr\/index.php?rest_route=\/wp\/v2\/posts"}],"about":[{"href":"https:\/\/archive.sana.sy\/tr\/index.php?rest_route=\/wp\/v2\/types\/post"}],"author":[{"embeddable":true,"href":"https:\/\/archive.sana.sy\/tr\/index.php?rest_route=\/wp\/v2\/users\/1"}],"replies":[{"embeddable":true,"href":"https:\/\/archive.sana.sy\/tr\/index.php?rest_route=%2Fwp%2Fv2%2Fcomments&post=104164"}],"version-history":[{"count":0,"href":"https:\/\/archive.sana.sy\/tr\/index.php?rest_route=\/wp\/v2\/posts\/104164\/revisions"}],"wp:featuredmedia":[{"embeddable":true,"href":"https:\/\/archive.sana.sy\/tr\/index.php?rest_route=\/wp\/v2\/media\/104166"}],"wp:attachment":[{"href":"https:\/\/archive.sana.sy\/tr\/index.php?rest_route=%2Fwp%2Fv2%2Fmedia&parent=104164"}],"wp:term":[{"taxonomy":"category","embeddable":true,"href":"https:\/\/archive.sana.sy\/tr\/index.php?rest_route=%2Fwp%2Fv2%2Fcategories&post=104164"},{"taxonomy":"post_tag","embeddable":true,"href":"https:\/\/archive.sana.sy\/tr\/index.php?rest_route=%2Fwp%2Fv2%2Ftags&post=104164"}],"curies":[{"name":"wp","href":"https:\/\/api.w.org\/{rel}","templated":true}]}}